{"id":102789,"date":"2026-08-31T14:25:53","date_gmt":"2026-08-31T12:25:53","guid":{"rendered":"https:\/\/www.ofmconv.net\/1-capitolo-provinciale-della-nuova-provincia-della-nostra-signora-di-aparecida-in-brasile\/"},"modified":"2026-08-31T14:28:24","modified_gmt":"2026-08-31T12:28:24","slug":"1-capitolo-provinciale-della-nuova-provincia-della-nostra-signora-di-aparecida-in-brasile","status":"publish","type":"post","link":"https:\/\/www.ofmconv.net\/en\/1-capitolo-provinciale-della-nuova-provincia-della-nostra-signora-di-aparecida-in-brasile\/","title":{"rendered":"First Provincial Chapter of the New Province of Our Lady of Aparecida in Brazil"},"content":{"rendered":"<p><strong>From August 24 to 28, 2026, the first part of the first Provincial Chapter of the new Province of Our Lady of Aparecida in Brazil took place at the Fazenda da Esperan\u00e7a Retreat Center in Guaratinguet\u00e1, S\u00e3o Paulo State, Brazil. The Center is nestled in a natural setting, surrounded by picturesque scenery.<\/strong><\/p>\n<p>This Chapter marked a special and very important event, as it formalized the unification of the Jurisdictions of the Province of St. Francis in Brazil (S\u00e3o Paulo) and the Provincial Custody of the Immaculate Conception of the B.V.M. in Brazil (Rio de Janeiro). Those attending included the Minister General, Friar Carlos TROVARELLI; the Assistant General for the Federaci\u00f3n Am\u00e9rica Latina Conventuales (FALC), Friar Rog\u00e9rio PEREIRA XAVIER; the Minister Provincial of the Province of Our Lady of the Angels in the USA (OLA), Friar Michael HEINE; and the other friars from the two Jurisdictions.<br \/>\nDuring the Chapter, the Minister General emphasized \u201cmovement,\u201d a word that will guide the new Province as it takes its first steps. Indeed, the life of the new Province will involve various forms of \u201cmovement,\u201d both internally and in response to external and geographical circumstances.<br \/>\nTwo other expressions that deeply impacted this fraternal gathering were \u201ccare\u201d and \u201cwalking together.\u201d Friar Michael HEINE, who was invited to participate in the Chapter, emphasized that the Chapter was being held at a facility where many people struggle to free themselves from substance addiction\u2014a place characterized by a sense of \u201chope.\u201d It was therefore particularly significant that the friars gathered here because they, too, would be called to heal their wounds and forgive what must be forgiven in order to renew hope and move forward.<br \/>\nFriar Josemar Bertes MACHADO was elected Minister Provincial; Friar Willian Gomes MENDON\u00c7A was elected Vicar Provincial; Friar Carlos Roberto de Oliveira CHARLES was elected Provincial Secretary; and Friars Jos\u00e9 Hugo DA SILVA SANTOS and Alexandre PATUCCI DE LIMA were elected Definitors. The Minister Provincial\u2013elect assured everyone of his desire and commitment, together with his Definitory, to walk together as a fraternity.<br \/>\nFinally, on Friday, August 28, the memorial of St. Augustine, the Provincial fraternity gathered at the feet of Our Lady of Aparecida at the National Shrine of Aparecida in Aparecida, S\u00e3o Paulo, Brazil, where they celebrated Mass and thus concluded the first part of the Chapter. The friars also entrusted to the patroness of the new Province the vocation and mission of each friar, as well as the journey of the new Provincial fraternity.<br \/>\nMay the Blessed Virgin help us remain faithful to the Lord, live fully up to what He expects of us, and fulfill what He calls us to accomplish at this moment in our history as the fruit of our unification. Amen.<\/p>\n<p style=\"text-align: right;\">Friar Alexandre PATUCCI DE LIMA<br \/>\nChapter Secretary<\/p>\nngg_shortcode_0_placeholder\n","protected":false},"excerpt":{"rendered":"<p>From August 24 to 28, 2026, the first part of the first Provincial Chapter of the new Province of Our Lady of Aparecida in Brazil took place at the Fazenda da Esperan\u00e7a Retreat Center in Guaratinguet\u00e1, S\u00e3o Paulo State, Brazil. The Center is nestled in a natural setting, surrounded by picturesque scenery. This Chapter marked [&hellip;]<\/p>\n","protected":false},"author":1,"featured_media":102785,"comment_status":"closed","ping_status":"open","sticky":false,"template":"","format":"standard","meta":{"ngg_post_thumbnail":0,"footnotes":""},"categories":[107,132,148],"tags":[4862,186],"class_list":["post-102789","post","type-post","status-publish","format-standard","has-post-thumbnail","category-falc-en","category-federations","category-news","tag-brazil-aparecida","tag-chapter"],"_links":{"self":[{"href":"https:\/\/www.ofmconv.net\/en\/wp-json\/wp\/v2\/posts\/102789","targetHints":{"allow":["GET"]}}],"collection":[{"href":"https:\/\/www.ofmconv.net\/en\/wp-json\/wp\/v2\/posts"}],"about":[{"href":"https:\/\/www.ofmconv.net\/en\/wp-json\/wp\/v2\/types\/post"}],"author":[{"embeddable":true,"href":"https:\/\/www.ofmconv.net\/en\/wp-json\/wp\/v2\/users\/1"}],"replies":[{"embeddable":true,"href":"https:\/\/www.ofmconv.net\/en\/wp-json\/wp\/v2\/comments?post=102789"}],"version-history":[{"count":2,"href":"https:\/\/www.ofmconv.net\/en\/wp-json\/wp\/v2\/posts\/102789\/revisions"}],"predecessor-version":[{"id":102793,"href":"https:\/\/www.ofmconv.net\/en\/wp-json\/wp\/v2\/posts\/102789\/revisions\/102793"}],"wp:featuredmedia":[{"embeddable":true,"href":"https:\/\/www.ofmconv.net\/en\/wp-json\/wp\/v2\/media\/102785"}],"wp:attachment":[{"href":"https:\/\/www.ofmconv.net\/en\/wp-json\/wp\/v2\/media?parent=102789"}],"wp:term":[{"taxonomy":"category","embeddable":true,"href":"https:\/\/www.ofmconv.net\/en\/wp-json\/wp\/v2\/categories?post=102789"},{"taxonomy":"post_tag","embeddable":true,"href":"https:\/\/www.ofmconv.net\/en\/wp-json\/wp\/v2\/tags?post=102789"}],"curies":[{"name":"wp","href":"https:\/\/api.w.org\/{rel}","templated":true}]}}