{"id":102832,"date":"2026-09-02T13:05:04","date_gmt":"2026-09-02T11:05:04","guid":{"rendered":"https:\/\/www.ofmconv.net\/la-m-i-in-brasile-rinnova-la-propria-missione-ed-elegge-il-nuovo-consiglio-nazionale\/"},"modified":"2026-09-02T13:07:46","modified_gmt":"2026-09-02T11:07:46","slug":"la-m-i-in-brasile-rinnova-la-propria-missione-ed-elegge-il-nuovo-consiglio-nazionale","status":"publish","type":"post","link":"https:\/\/www.ofmconv.net\/en\/la-m-i-in-brasile-rinnova-la-propria-missione-ed-elegge-il-nuovo-consiglio-nazionale\/","title":{"rendered":"M.I. in Brazil Renews Mission and Elects National Council"},"content":{"rendered":"<p><strong>From August 18 to 23, 2026, Miquel BORDAS PR\u00d3SZY\u0143SKI, International President of the Militia of the Immaculata (M.I.), and Friar Gilson Miguel NUNES, Delegate of the International Assistant of the M.I., visited M.I. communities in Brazil and participated in the Third National Elective Assembly. The Assembly was held August 21\u201323 at Jardim da Imaculada, the national headquarters of the M.I. in Brazil, in Cidade Ocidental, near Bras\u00edlia.<\/strong><\/p>\n<p>The visitors first stopped at S\u00e3o Bernardo do Campo, Brazil, where they visited the M.I. Regional Center and <em>Rede Imaculada de Comunica\u00e7\u00e3o<\/em> (Immaculata Communication Network). The visit took place a few days before the Provincial Chapter, which would unify the Province of St. Francis in Brazil (S\u00e3o Paulo) and the Provincial Custody of the Immaculate Conception of the B.V.M. in Brazil (Rio de Janeiro), creating the new Province of Our Lady of Aparecida in Brazil. The visitors then traveled to the Jardim da Imaculada Friary in Cidade Ocidental, near Bras\u00edlia, where they participated in the Third National Elective Assembly of the M.I. in Brazil.<br \/>\nWhile in S\u00e3o Bernardo do Campo, they celebrated Mass in the oratory of the Regional Center, with Friar Gilson Miguel presiding. The Conventual Franciscan friars serving on the board of directors of <em>Rede Imaculada de Comunica\u00e7\u00e3o<\/em> concelebrated. After Mass, the visitors spent time in fraternal conversation with the leaders of the network. Miquel and Friar Gilson then participated in the program <em>\u201cEm Sintonia,\u201d<\/em> [a radio\/TV program of <em>Rede Imaculada de Comunica\u00e7\u00e3o<\/em>], in the segment <em>\u201cEncounter with Mary.\u201d<\/em> Their visit strengthened the bonds between the international M.I. and the M.I. in Brazil. Moreover, it renewed their commitment to the ideal of St. Maximilian Maria Kolbe: to place one\u2019s life and all available resources at the service of evangelization and the mission of bringing the love of the Immaculata to all souls.<br \/>\nOn August 19, the visitors traveled to Bras\u00edlia. The next day, at the Provincial Curia, Miquel BORDAS met with the Minister Provincial of the Province of St. Maximilian M. Kolbe in Brazil (Bras\u00edlia), Friar Gilberto DE JESUS RODRIGUES. He also visited the local Basilica of S\u00e3o Francisco.<br \/>\nOn August 21\u201323, more than thirty delegates from across Brazil, including Amazonas, gathered for the Third National Assembly of the M.I. The gathering focused on prayer, fraternity, listening, evaluation, and discernment concerning the journey of the M.I. in Brazil. The goal of the Assembly was to assess the 2022\u20132026 four-year period, gain a better understanding of the various M.I. communities across the country, identify the challenges and priorities for the next four years, and elect the new National Council.<br \/>\nDuring the Assembly, representatives shared the experiences of M.I. groups across the country, highlighting the richness and diversity of the M.I. in Brazil. They emphasized the need to strengthen formation, organization, communication, and support for local communities. The report on the 2022\u20132026 period highlighted, among other achievements, the growth of M.I. groups, an increase in consecrations to the Immaculata, missionary expansion, formation programs, retreats, vigils, visits to families, work with children and youth, and the growing presence of the M.I. in the media. At the same time, several challenges were identified regarding communication, formation, the accompaniment of members, organization, and the sustainability of the M.I.<br \/>\nOn August 22, in an atmosphere of prayer and discernment, the members of the new National Council for the 2026\u20132030 term were elected. They are: Ver\u00f4nica FERREIRA DE SOUZA (National President); Thiago BALBY (National Vice President); Taiane MENESES (National Secretary); and Sandra MACHADO, Paulinele TEIXEIRA, and Geny CRUZ (Councilors). The members of the Board of Auditors were also elected. They are: Luzinete FERREIRA, Maria GORETHE, and Concei\u00e7\u00e3o de Mar\u00eda BEZERRA. Friar Jorge CAMPELO DE ALBUQUERQUE E MELO, OFM Conv., continues to serve as National Assistant of the M.I. in Brazil.<br \/>\nThe Assembly concluded on August 23 with the celebration of Mass presided over by Friar Gilson Miguel NUNES, followed by a tour of the various facilities at Jardim da Imaculada. The participants entrusted the new four-year term, together with the proposals that emerged from the Assembly, to the Immaculata. These proposals included strengthening unity and communication, promoting formation, focusing on young people, supporting the various M.I. regions, and renewing missionary outreach in Amazonas.<br \/>\nThe Third National Assembly was thus a time of renewal in the communion and missionary commitment of the Militia of the Immaculate in Brazil. The participants returned to their respective communities with the desire to continue advancing the mission, fostering greater unity and collaboration among the diverse expressions of the M.I. throughout Brazil, and remaining faithful to the charism of St. Maximilian Maria Kolbe.<\/p>\n<p style=\"text-align: right;\">Miquel BORDAS PR\u00d3SZY\u0143SKI \/ Ver\u00f4nica FERREIRA DE SOUZA<\/p>\nngg_shortcode_0_placeholder\n","protected":false},"excerpt":{"rendered":"<p>From August 18 to 23, 2026, Miquel BORDAS PR\u00d3SZY\u0143SKI, International President of the Militia of the Immaculata (M.I.), and Friar Gilson Miguel NUNES, Delegate of the International Assistant of the M.I., visited M.I. communities in Brazil and participated in the Third National Elective Assembly. The Assembly was held August 21\u201323 at Jardim da Imaculada, the [&hellip;]<\/p>\n","protected":false},"author":1,"featured_media":102828,"comment_status":"closed","ping_status":"open","sticky":false,"template":"","format":"standard","meta":{"ngg_post_thumbnail":0,"footnotes":""},"categories":[135,122,148],"tags":[395,920],"class_list":["post-102832","post","type-post","status-publish","format-standard","has-post-thumbnail","category-general-offices","category-mi-en","category-news","tag-brazil","tag-m-i-assembly"],"_links":{"self":[{"href":"https:\/\/www.ofmconv.net\/en\/wp-json\/wp\/v2\/posts\/102832","targetHints":{"allow":["GET"]}}],"collection":[{"href":"https:\/\/www.ofmconv.net\/en\/wp-json\/wp\/v2\/posts"}],"about":[{"href":"https:\/\/www.ofmconv.net\/en\/wp-json\/wp\/v2\/types\/post"}],"author":[{"embeddable":true,"href":"https:\/\/www.ofmconv.net\/en\/wp-json\/wp\/v2\/users\/1"}],"replies":[{"embeddable":true,"href":"https:\/\/www.ofmconv.net\/en\/wp-json\/wp\/v2\/comments?post=102832"}],"version-history":[{"count":2,"href":"https:\/\/www.ofmconv.net\/en\/wp-json\/wp\/v2\/posts\/102832\/revisions"}],"predecessor-version":[{"id":102836,"href":"https:\/\/www.ofmconv.net\/en\/wp-json\/wp\/v2\/posts\/102832\/revisions\/102836"}],"wp:featuredmedia":[{"embeddable":true,"href":"https:\/\/www.ofmconv.net\/en\/wp-json\/wp\/v2\/media\/102828"}],"wp:attachment":[{"href":"https:\/\/www.ofmconv.net\/en\/wp-json\/wp\/v2\/media?parent=102832"}],"wp:term":[{"taxonomy":"category","embeddable":true,"href":"https:\/\/www.ofmconv.net\/en\/wp-json\/wp\/v2\/categories?post=102832"},{"taxonomy":"post_tag","embeddable":true,"href":"https:\/\/www.ofmconv.net\/en\/wp-json\/wp\/v2\/tags?post=102832"}],"curies":[{"name":"wp","href":"https:\/\/api.w.org\/{rel}","templated":true}]}}