{"id":10897,"date":"2018-10-24T12:18:42","date_gmt":"2018-10-24T10:18:42","guid":{"rendered":"https:\/\/ofmconv.net\/argentina-e-uruguay-capitolo-spirituale\/"},"modified":"2018-10-24T12:20:48","modified_gmt":"2018-10-24T10:20:48","slug":"argentina-e-uruguay-capitolo-spirituale","status":"publish","type":"post","link":"https:\/\/www.ofmconv.net\/en\/argentina-e-uruguay-capitolo-spirituale\/","title":{"rendered":"Argentina and Uruguay: Spiritual Chapter"},"content":{"rendered":"<p><strong>The \u201cRioplatense\u201d Province of St. Anthony of Padua in Argentina-Uruguay celebrated a unitary Spiritual Chapter with the Provincial Delegation in Paraguay, of the Province of St. Anthony and Bl. James of Strepar in Poland (Cracow).<\/strong><\/p>\n<p>The Chapter was held October 15-19, 2018, at the Villa Marista Retreat Center in Luj\u00e1n (Buenos Aires), Argentina.<br \/>\nIn keeping with a series of bilateral agreements made between the two Jurisdictions, the Minister Provincial of the &#8220;Rioplatense&#8221; Province, Friar Aldo Andr\u00e9s C\u00daCCARO, convened the Chapter in collaboration with the Minister Provincial of the Province of Cracow, Friar Marian GO\u0141\u0104B, who also took part in the Chapter.<br \/>\nThe purpose of this initiative was to strengthen the fraternal bonds between the friars of Argentina and Uruguay and those of Paraguay. Most of the friars from Argentina and all the friars from Paraguay participated, together with Friar Jacek ORZE\u0141, the Delegate of the Minister Provincial to this land of the &#8220;Guaran\u00ed&#8221;.<br \/>\nAlso present at the Chapter Assembly was the Assistant General for the Federazione Intermediterranea Ministri Provinciali (FIMP), Friar Joaqu\u00edn \u00c1ngel AGESTA CUEVAS, serving as the General Visitator to the &#8220;Rioplatense&#8221; Province.<br \/>\nSpiritual reflections were given by Friar Edgardo QUINTEROS (Dominican), who was asked to speak on the theme of &#8220;Minoritic Fraternity&#8221;.<br \/>\nThe Chapter was a true time of grace, especially because of its fraternal richness. The assembly also got to visit the nearby National Marian Shrine (Nuestra Se\u00f1ora de Luj\u00e1n), to celebrate Mass together.<br \/>\nBeyond the spiritual reflection, the meeting also took place to develop mutual understanding between the friars who are living the Gospel, who are working for it and bearing witness to it in this \u201cSouthern Cone\u201d of Latin America.<\/p>\n<p style=\"text-align: right;\">Friar Carlos Trovarelli Assistant General for FALC<\/p>\nngg_shortcode_0_placeholder\n","protected":false},"excerpt":{"rendered":"<p>The \u201cRioplatense\u201d Province of St. Anthony of Padua in Argentina-Uruguay celebrated a unitary Spiritual Chapter with the Provincial Delegation in Paraguay, of the Province of St. Anthony and Bl. James of Strepar in Poland (Cracow). The Chapter was held October 15-19, 2018, at the Villa Marista Retreat Center in Luj\u00e1n (Buenos Aires), Argentina. In keeping [&hellip;]<\/p>\n","protected":false},"author":1,"featured_media":10893,"comment_status":"closed","ping_status":"open","sticky":false,"template":"","format":"standard","meta":{"ngg_post_thumbnail":0,"footnotes":""},"categories":[107,141,148],"tags":[1053,179,1043],"class_list":["post-10897","post","type-post","status-publish","format-standard","has-post-thumbnail","category-falc-en","category-general-secretariat","category-news","tag-argentina-uruguay-en","tag-capitolo-en","tag-spiritual-chapter"],"_links":{"self":[{"href":"https:\/\/www.ofmconv.net\/en\/wp-json\/wp\/v2\/posts\/10897","targetHints":{"allow":["GET"]}}],"collection":[{"href":"https:\/\/www.ofmconv.net\/en\/wp-json\/wp\/v2\/posts"}],"about":[{"href":"https:\/\/www.ofmconv.net\/en\/wp-json\/wp\/v2\/types\/post"}],"author":[{"embeddable":true,"href":"https:\/\/www.ofmconv.net\/en\/wp-json\/wp\/v2\/users\/1"}],"replies":[{"embeddable":true,"href":"https:\/\/www.ofmconv.net\/en\/wp-json\/wp\/v2\/comments?post=10897"}],"version-history":[{"count":0,"href":"https:\/\/www.ofmconv.net\/en\/wp-json\/wp\/v2\/posts\/10897\/revisions"}],"wp:featuredmedia":[{"embeddable":true,"href":"https:\/\/www.ofmconv.net\/en\/wp-json\/wp\/v2\/media\/10893"}],"wp:attachment":[{"href":"https:\/\/www.ofmconv.net\/en\/wp-json\/wp\/v2\/media?parent=10897"}],"wp:term":[{"taxonomy":"category","embeddable":true,"href":"https:\/\/www.ofmconv.net\/en\/wp-json\/wp\/v2\/categories?post=10897"},{"taxonomy":"post_tag","embeddable":true,"href":"https:\/\/www.ofmconv.net\/en\/wp-json\/wp\/v2\/tags?post=10897"}],"curies":[{"name":"wp","href":"https:\/\/api.w.org\/{rel}","templated":true}]}}