{"id":21187,"date":"2019-12-04T11:30:45","date_gmt":"2019-12-04T10:30:45","guid":{"rendered":"https:\/\/ofmconv.net\/cechia-visita-canonica\/"},"modified":"2019-12-16T11:36:06","modified_gmt":"2019-12-16T10:36:06","slug":"cechia-visita-canonica","status":"publish","type":"post","link":"https:\/\/www.ofmconv.net\/en\/cechia-visita-canonica\/","title":{"rendered":"Czech Republic: Canonical Visitation"},"content":{"rendered":"<p><strong>From November 23 to December 3, 2019, the Province of Saints Cyril and Methodius in the Czech Republic received a General Canonical Visitation, in view of its upcoming Ordinary Provincial Chapter, scheduled for May of 2020.<\/strong><\/p>\n<p>The Visitation was conducted, on behalf of the Minister General, by Friar Tom\u00e1\u0161 LES\u0147\u00c1K, the Assistant General for the <em>Foederatio Europae Mediae et Orientalis<\/em> (FEMO). The Province has five fraternities. It has five temporarily professed friars in formation abroad.<br \/>\nThe canonical visitation began at the community in the Prague and ended with the Visitator meeting with the Provincial Definitory in Brno, where he shared his end-of-visitation observations and offered recommendations for the future.<\/p>\n<p style=\"text-align: right;\">Friar Tom\u00e1\u0161 LES\u0147\u00c1K, Assistant General for the FEMO<\/p>\nngg_shortcode_0_placeholder\n","protected":false},"excerpt":{"rendered":"<p>From November 23 to December 3, 2019, the Province of Saints Cyril and Methodius in the Czech Republic received a General Canonical Visitation, in view of its upcoming Ordinary Provincial Chapter, scheduled for May of 2020. The Visitation was conducted, on behalf of the Minister General, by Friar Tom\u00e1\u0161 LES\u0147\u00c1K, the Assistant General for the [&hellip;]<\/p>\n","protected":false},"author":1,"featured_media":21183,"comment_status":"closed","ping_status":"open","sticky":false,"template":"","format":"standard","meta":{"ngg_post_thumbnail":0,"footnotes":""},"categories":[115,148],"tags":[433,434,1605,641],"class_list":["post-21187","post","type-post","status-publish","format-standard","has-post-thumbnail","category-femo-en","category-news","tag-cechia-en","tag-czech-republic","tag-visita-canonica-en","tag-visitation"],"_links":{"self":[{"href":"https:\/\/www.ofmconv.net\/en\/wp-json\/wp\/v2\/posts\/21187","targetHints":{"allow":["GET"]}}],"collection":[{"href":"https:\/\/www.ofmconv.net\/en\/wp-json\/wp\/v2\/posts"}],"about":[{"href":"https:\/\/www.ofmconv.net\/en\/wp-json\/wp\/v2\/types\/post"}],"author":[{"embeddable":true,"href":"https:\/\/www.ofmconv.net\/en\/wp-json\/wp\/v2\/users\/1"}],"replies":[{"embeddable":true,"href":"https:\/\/www.ofmconv.net\/en\/wp-json\/wp\/v2\/comments?post=21187"}],"version-history":[{"count":0,"href":"https:\/\/www.ofmconv.net\/en\/wp-json\/wp\/v2\/posts\/21187\/revisions"}],"wp:featuredmedia":[{"embeddable":true,"href":"https:\/\/www.ofmconv.net\/en\/wp-json\/wp\/v2\/media\/21183"}],"wp:attachment":[{"href":"https:\/\/www.ofmconv.net\/en\/wp-json\/wp\/v2\/media?parent=21187"}],"wp:term":[{"taxonomy":"category","embeddable":true,"href":"https:\/\/www.ofmconv.net\/en\/wp-json\/wp\/v2\/categories?post=21187"},{"taxonomy":"post_tag","embeddable":true,"href":"https:\/\/www.ofmconv.net\/en\/wp-json\/wp\/v2\/tags?post=21187"}],"curies":[{"name":"wp","href":"https:\/\/api.w.org\/{rel}","templated":true}]}}