{"id":21469,"date":"2019-12-18T18:46:08","date_gmt":"2019-12-18T17:46:08","guid":{"rendered":"https:\/\/ofmconv.net\/spagna-visita-canonica\/"},"modified":"2020-01-24T18:33:20","modified_gmt":"2020-01-24T17:33:20","slug":"spagna-visita-canonica","status":"publish","type":"post","link":"https:\/\/www.ofmconv.net\/en\/spagna-visita-canonica\/","title":{"rendered":"Spain: Canonical Visitation"},"content":{"rendered":"<p><strong>On November 7-16, and again, on November 24 to December 14, 2019, Friar Giovanni VOLTAN, the Assistant General for the <em>Federazione Inter-mediterranea Ministri Provinciali<\/em> (FIMP) conducted a general canonical visitation, in two stages, to the Province of Our Lady of Montserrat in Spain. In the spring of 2020, the Province will be celebrating its Ordinary Provincial Chapter. The first part of the Chapter is scheduled for May 4-8, 2020.<\/strong><\/p>\n<p>Friar Giovanni visited the following friaries in chronological order: the Friaries of Nuestra Se\u00f1ora del Rosario and the San Buenaventura Friary in Madrid, and the friaries in Taranc\u00f3n, Granollers, Barcelona, Zaragoza, Pamplona, Seville, Palencia and Valladolid. Friar Giovanni also met with the three friars who serve the Order in Rome, Friars Valent\u00edn REDONDO FUENTES, Benjam\u00edn MIEDES REM\u00d3N, and Juan Miguel VICENTE VALTUE\u00d1A. He also met with Friar Joaqu\u00edn \u00c1ngel AGESTA CUEVAS, who belongs to the community in Pamplona and is currently taking a sabbatical year in Lourdes.<br \/>\nAt present the Province has sixty-two friars. This includes two friars from Romania who are affiliated ad tempus, a friar from the Province of Cracow who is under contract, and three temporarily professed friars. In 1978, the Province opened a mission in Colombia which is now the Provincial Custody of Saint Francis of Assisi. The average age of the friars in the Province is sixty-five, taking into account the temporarily professed. Without them, the average age is about sixty-seven.<br \/>\nIn 1904, the Friars Minor Conventual were able to return to Spain after a 337-year absence. In 1567, King Philip II had expelled around a thousand friars. The friars\u2019 return was made possible thanks to the tenacity of some Spanish friars who had been formed in Italy. After a brief presence in Teruel (Aragon), the friary of rebirth was established in Granollers (Catalonia), During the terrible period of the Spanish Civil War (1936-39), six friars in Granollers were martyred. They were beatified in 2001 by Pope St. John Paul II and are known as Friar Dionisio and Companion Martyrs.<br \/>\nThe friars of the Province mainly carry out pastoral ministry in parishes. Of the churches they serve, only two, those in Taranc\u00f3n and Barcelona, are Conventual churches. They also teach at three popular and respected colleges located in Taranc\u00f3n, Valladolid and the largest, San Buenaventura in Madrid. In addition, the Province has created two communities which have set up a particular plan of life. Under this plan, the friars make concrete choices and adopt practices which best express the Franciscan charism. One of the communities has been operating in Granollers since 2012. The other, Nuestra Se\u00f1ora del Rosario, in Madrid, also serves as a Formation House. It currently houses three temporarily professed friars and one postulant.<br \/>\nThe Assistant General was given a warm and fraternal welcome everywhere he went. At the end of his canonical visitation he met with the Minister Provincial, Friar \u00c1ngel Mariano GUZM\u00c1N LUDE\u00d1A, along with his Definitory, Friars Juan Antonio AD\u00c1NEZ SILV\u00c1N, Vicar; Miguel \u00c1ngel MARCOS MARCOS, Secretary; Antonio ROYO TOM\u00c1S and Juan Luis CORMENZANA CARPIO, Definitors).<br \/>\nDuring the usual &#8220;Cursillo de Navidad&#8221; which the Province annually conducts on December 26-28, Friar Fran\u00e7ois BUSTILLO, the Guardian of the friary in Lourdes, France, will put forward some Franciscan ideas in view of the upcoming Chapter. He will be drawing upon the work carried out by the communities on the words of Pope Francis during the 2019 Ordinary General Chapter.<\/p>\n<p style=\"text-align: right;\">Friar Giovanni VOLTAN, Assistant General for the FIMP<\/p>\nngg_shortcode_0_placeholder\n","protected":false},"excerpt":{"rendered":"<p>On November 7-16, and again, on November 24 to December 14, 2019, Friar Giovanni VOLTAN, the Assistant General for the Federazione Inter-mediterranea Ministri Provinciali (FIMP) conducted a general canonical visitation, in two stages, to the Province of Our Lady of Montserrat in Spain. In the spring of 2020, the Province will be celebrating its Ordinary [&hellip;]<\/p>\n","protected":false},"author":1,"featured_media":21465,"comment_status":"closed","ping_status":"open","sticky":false,"template":"","format":"standard","meta":{"ngg_post_thumbnail":0,"footnotes":""},"categories":[132,117,148],"tags":[891,641],"class_list":["post-21469","post","type-post","status-publish","format-standard","has-post-thumbnail","category-federations","category-fimp-en","category-news","tag-spain","tag-visitation"],"_links":{"self":[{"href":"https:\/\/www.ofmconv.net\/en\/wp-json\/wp\/v2\/posts\/21469","targetHints":{"allow":["GET"]}}],"collection":[{"href":"https:\/\/www.ofmconv.net\/en\/wp-json\/wp\/v2\/posts"}],"about":[{"href":"https:\/\/www.ofmconv.net\/en\/wp-json\/wp\/v2\/types\/post"}],"author":[{"embeddable":true,"href":"https:\/\/www.ofmconv.net\/en\/wp-json\/wp\/v2\/users\/1"}],"replies":[{"embeddable":true,"href":"https:\/\/www.ofmconv.net\/en\/wp-json\/wp\/v2\/comments?post=21469"}],"version-history":[{"count":0,"href":"https:\/\/www.ofmconv.net\/en\/wp-json\/wp\/v2\/posts\/21469\/revisions"}],"wp:featuredmedia":[{"embeddable":true,"href":"https:\/\/www.ofmconv.net\/en\/wp-json\/wp\/v2\/media\/21465"}],"wp:attachment":[{"href":"https:\/\/www.ofmconv.net\/en\/wp-json\/wp\/v2\/media?parent=21469"}],"wp:term":[{"taxonomy":"category","embeddable":true,"href":"https:\/\/www.ofmconv.net\/en\/wp-json\/wp\/v2\/categories?post=21469"},{"taxonomy":"post_tag","embeddable":true,"href":"https:\/\/www.ofmconv.net\/en\/wp-json\/wp\/v2\/tags?post=21469"}],"curies":[{"name":"wp","href":"https:\/\/api.w.org\/{rel}","templated":true}]}}