{"id":6814,"date":"2018-06-07T20:14:09","date_gmt":"2018-06-07T19:14:09","guid":{"rendered":"https:\/\/ofmconv.net\/valladolid-giubileo-doro\/"},"modified":"2018-06-07T20:20:40","modified_gmt":"2018-06-07T19:20:40","slug":"valladolid-giubileo-doro","status":"publish","type":"post","link":"https:\/\/www.ofmconv.net\/en\/valladolid-giubileo-doro\/","title":{"rendered":"Valladolid: Golden Jubilee"},"content":{"rendered":"<p><strong>During the 2017-2018 academic year, the San Francisco de As\u00eds College in Valladolid, Spain, had been celebrating its Golden Jubilee (the fiftieth anniversary of its founding). It was a wonderful opportunity to thank God for his many blessings over the years.<\/strong><\/p>\n<p>During the year, many activities took place to celebrate the Jubilee: the inaugural event on October 4, 2017, a \u201cBookmarks\u201d competition, the alumni\u2019s meeting on April 14, the composition of a hymn, etc.<br \/>\nDuring May 18-20, 2018, the central events of the Golden Jubilee were held. There was a tribute in honor of the \u201cgrandparents\u201d of the College, a musical concert of thanksgiving in the parish and the solemn Mass of Pentecost celebrated in the courtyard of the College and presided-over by the Minister General, Friar Marco TASCA. It was an honor to have him visit on this very special day. He was joined by a large group of friars from Italy and the rest of the communities of the Province of Our Lady of Montserrat in Spain, headed by the Minister Provincial, Friar \u00c1ngel Mariano GUZM\u00c1N LUDE\u00d1A.<br \/>\nThe friars could not help but feel grateful to God for the gift of having St. Francis of Assisi and his wonderful charism in their lives.<\/p>\n<p style=\"text-align: right;\">Friar Juan Antonio AD\u00c1NEZ SILV\u00c1N, OFM Conv.<br \/>\nPhoto: Friar Ryszard WR\u00d3BEL OFMConv<\/p>\nngg_shortcode_0_placeholder\n","protected":false},"excerpt":{"rendered":"<p>During the 2017-2018 academic year, the San Francisco de As\u00eds College in Valladolid, Spain, had been celebrating its Golden Jubilee (the fiftieth anniversary of its founding). It was a wonderful opportunity to thank God for his many blessings over the years. During the year, many activities took place to celebrate the Jubilee: the inaugural event [&hellip;]<\/p>\n","protected":false},"author":1,"featured_media":6812,"comment_status":"closed","ping_status":"open","sticky":false,"template":"","format":"standard","meta":{"ngg_post_thumbnail":0,"footnotes":""},"categories":[132,117,148],"tags":[892,891],"class_list":["post-6814","post","type-post","status-publish","format-standard","has-post-thumbnail","category-federations","category-fimp-en","category-news","tag-college-in-valladolid","tag-spain"],"_links":{"self":[{"href":"https:\/\/www.ofmconv.net\/en\/wp-json\/wp\/v2\/posts\/6814","targetHints":{"allow":["GET"]}}],"collection":[{"href":"https:\/\/www.ofmconv.net\/en\/wp-json\/wp\/v2\/posts"}],"about":[{"href":"https:\/\/www.ofmconv.net\/en\/wp-json\/wp\/v2\/types\/post"}],"author":[{"embeddable":true,"href":"https:\/\/www.ofmconv.net\/en\/wp-json\/wp\/v2\/users\/1"}],"replies":[{"embeddable":true,"href":"https:\/\/www.ofmconv.net\/en\/wp-json\/wp\/v2\/comments?post=6814"}],"version-history":[{"count":0,"href":"https:\/\/www.ofmconv.net\/en\/wp-json\/wp\/v2\/posts\/6814\/revisions"}],"wp:featuredmedia":[{"embeddable":true,"href":"https:\/\/www.ofmconv.net\/en\/wp-json\/wp\/v2\/media\/6812"}],"wp:attachment":[{"href":"https:\/\/www.ofmconv.net\/en\/wp-json\/wp\/v2\/media?parent=6814"}],"wp:term":[{"taxonomy":"category","embeddable":true,"href":"https:\/\/www.ofmconv.net\/en\/wp-json\/wp\/v2\/categories?post=6814"},{"taxonomy":"post_tag","embeddable":true,"href":"https:\/\/www.ofmconv.net\/en\/wp-json\/wp\/v2\/tags?post=6814"}],"curies":[{"name":"wp","href":"https:\/\/api.w.org\/{rel}","templated":true}]}}