{"id":80918,"date":"2025-05-07T13:40:05","date_gmt":"2025-05-07T11:40:05","guid":{"rendered":"https:\/\/www.ofmconv.net\/brasile-x-giornata-giovanile-francescana\/"},"modified":"2026-03-19T10:59:49","modified_gmt":"2026-03-19T09:59:49","slug":"brasile-x-giornata-giovanile-francescana","status":"publish","type":"post","link":"https:\/\/www.ofmconv.net\/en\/brasile-x-giornata-giovanile-francescana\/","title":{"rendered":"Brazil: 10\u1d57\u02b0 Annual Franciscan Youth Day"},"content":{"rendered":"<p><strong>On May 1-4, 2025, the 10<sup>th<\/sup> Annual Franciscan Youth Day was held at Casa Kolbe in Ca\u00e7apava, State of S\u00e3o Paulo, Brazil. The theme of the event was: <em>\u201c&#8230;With All Your Creatures.\u201d<\/em><\/strong><\/p>\n<p><strong>More than sixty young people participated. They came from Conventual Franciscan parishes in cities where the friars are present, namely: Santo Andr\u00e9, Ca\u00e7apava, Mogi das Cruzes, Santa B\u00e1rbara D\u2019Oeste, Curitiba, Guarania\u00e7u and Para\u00edba do Sul.<\/strong><\/p>\n<p>The event began on May 1st with a welcome lunch, followed by a formation session led by Friar Reinaldo Azevedo DA SILVA, titled \u201cGuardians of Creation.\u201d Afterward, the youth attended Mass, participated in group discussions, and were introduced to the various fraternities. The day was further enriched with a fraternal conversation with the Minister Provincial of the Province of St. Francis of Assisi in Brazil, Friar Jos\u00e9 Hugo DA SILVA SANTOS, and concluded with Eucharistic Adoration.<br \/>\nThe second day began with Mass presided over by Friar Gustavo Ionas ROCHA DE MEDEIROS. Afterwards, the youth went out on mission, evangelizing in the streets of the city, with a meet-up point at Pra\u00e7a da Bandeira (Flag Square). In the afternoon, the theme was further explored through workshops led by Friars Reinaldo, Gustavo, Alexandre PATUCCI DE LIMA, Ricardo Elvis ARRUDA BEZERRA, and Sister Ang\u00e9lica ISCMSF (Secular Institute of Missionary Catechists of St. Francis of Assisi). The day ended with a retrospective of previous editions of the Youth Day, presented by Friar Fl\u00e1vio Martins VEN\u00c2NCIO, followed by a lively performance by the band \u201cThe Freis\u201d and the \u201cBalada da Jornada.\u201d<br \/>\nThe third day opened with Mass and a formation session on the <em>Canticle of the Creatures<\/em>, followed by some reflection time and fraternal conversation. In the afternoon, the participants experienced a deep, prayerful <em>Laudato Si\u2019 Moment<\/em>, including a <em>\u201cprayer before creation,\u201d<\/em> inspired by the spirit of St. Francis of Assisi and Pope Francis\u2019 call for integral ecology. The day ended with the traditional <em>Fraternal Evening<\/em>, filled with joy, fellowship, and featuring the symbolic Franciscan bonfire.<br \/>\nThe final day was devoted to evaluating the event and holding a plenary discussion session, during which the participants reflected on their experiences and offered suggestions. The gathering concluded with Mass presided over by Friar Fl\u00e1vio Martins VEN\u00c2NCIO. Thus, this experience of fraternity, prayer, and mission ended on a note of gratitude and hope.<\/p>\n<p style=\"text-align: right;\">Friar Gustavo Ionas ROCHA DE MEDEIROS<\/p>\nngg_shortcode_0_placeholder\n","protected":false},"excerpt":{"rendered":"<p>On May 1-4, 2025, the 10th Annual Franciscan Youth Day was held at Casa Kolbe in Ca\u00e7apava, State of S\u00e3o Paulo, Brazil. The theme of the event was: \u201c&#8230;With All Your Creatures.\u201d More than sixty young people participated. They came from Conventual Franciscan parishes in cities where the friars are present, namely: Santo Andr\u00e9, Ca\u00e7apava, [&hellip;]<\/p>\n","protected":false},"author":1,"featured_media":80914,"comment_status":"closed","ping_status":"open","sticky":false,"template":"","format":"standard","meta":{"ngg_post_thumbnail":0,"footnotes":""},"categories":[107,132,148],"tags":[395,227],"class_list":["post-80918","post","type-post","status-publish","format-standard","has-post-thumbnail","category-falc-en","category-federations","category-news","tag-brazil","tag-youth"],"_links":{"self":[{"href":"https:\/\/www.ofmconv.net\/en\/wp-json\/wp\/v2\/posts\/80918","targetHints":{"allow":["GET"]}}],"collection":[{"href":"https:\/\/www.ofmconv.net\/en\/wp-json\/wp\/v2\/posts"}],"about":[{"href":"https:\/\/www.ofmconv.net\/en\/wp-json\/wp\/v2\/types\/post"}],"author":[{"embeddable":true,"href":"https:\/\/www.ofmconv.net\/en\/wp-json\/wp\/v2\/users\/1"}],"replies":[{"embeddable":true,"href":"https:\/\/www.ofmconv.net\/en\/wp-json\/wp\/v2\/comments?post=80918"}],"version-history":[{"count":1,"href":"https:\/\/www.ofmconv.net\/en\/wp-json\/wp\/v2\/posts\/80918\/revisions"}],"predecessor-version":[{"id":95279,"href":"https:\/\/www.ofmconv.net\/en\/wp-json\/wp\/v2\/posts\/80918\/revisions\/95279"}],"wp:featuredmedia":[{"embeddable":true,"href":"https:\/\/www.ofmconv.net\/en\/wp-json\/wp\/v2\/media\/80914"}],"wp:attachment":[{"href":"https:\/\/www.ofmconv.net\/en\/wp-json\/wp\/v2\/media?parent=80918"}],"wp:term":[{"taxonomy":"category","embeddable":true,"href":"https:\/\/www.ofmconv.net\/en\/wp-json\/wp\/v2\/categories?post=80918"},{"taxonomy":"post_tag","embeddable":true,"href":"https:\/\/www.ofmconv.net\/en\/wp-json\/wp\/v2\/tags?post=80918"}],"curies":[{"name":"wp","href":"https:\/\/api.w.org\/{rel}","templated":true}]}}