{"id":97521,"date":"2026-05-08T13:23:49","date_gmt":"2026-05-08T11:23:49","guid":{"rendered":"https:\/\/www.ofmconv.net\/madrid-capitolo-straordinario-nella-provincia-di-spagna\/"},"modified":"2026-05-08T13:25:59","modified_gmt":"2026-05-08T11:25:59","slug":"madrid-capitolo-straordinario-nella-provincia-di-spagna","status":"publish","type":"post","link":"https:\/\/www.ofmconv.net\/en\/madrid-capitolo-straordinario-nella-provincia-di-spagna\/","title":{"rendered":"Madrid: Province of Spain Conducts Extraordinary Chapter"},"content":{"rendered":"<p><strong>On May 1-2, 2026,the Province of Our Lady of Montserrat in Spain conducted an Extraordinary Provincial Chapter in Madrid. The Chapter focused on the process of restructuring and revitalizing Provincial life. The friars reflected on the current and future challenges of their Conventual and formational presence in Spain, in an atmosphere of prayer, discernment, and hope.<\/strong><\/p>\n<p>Twenty-four friars participated in the Extraordinary Chapter, which was presided over by the Minister Provincial, Friar Juan Antonio AD\u00c1NEZ SILV\u00c1N. Also present, on behalf of the Order, was the Assistant General for the Federazione Intermediterranea Ministri Provinciali (FIMP), Friar Colin Charles SAMMUT. The Capitulars concentrated on discerning God\u2019s will for the life and mission of the friars in Spain. The Province currently has sixty friars and ten friaries\u2014including the house in Astorga (Le\u00f3n), Spain.<br \/>\nWorking in a calm and trusting atmosphere, the Capitulars addressed several issues concerning the life of the Province, namely, the home for elderly friars in Pamplona (Navarre), several closures, the need to expand the formation house in Madrid due to the arrival of new vocations, and better use of some of the larger friaries. The friars also discussed the promising opening of the pilgrim hostel on the Camino de Santiago [Way of St. James] in Astorga. This Order-wide project is also supported by the presence of a friar from the Province.<br \/>\nThe friars entrusted this phase of the Province\u2019s life and mission to Our Lady of Montserrat, patroness and guide, asking for her continued protection and intercession.<\/p>\n<p style=\"text-align: right;\">Friar Abel GARC\u00cdA-CEZ\u00d3N ROLD\u00c1N<br \/>\nDirector of Provincial Communications<\/p>\nngg_shortcode_0_placeholder\n","protected":false},"excerpt":{"rendered":"<p>On May 1-2, 2026,the Province of Our Lady of Montserrat in Spain conducted an Extraordinary Provincial Chapter in Madrid. The Chapter focused on the process of restructuring and revitalizing Provincial life. The friars reflected on the current and future challenges of their Conventual and formational presence in Spain, in an atmosphere of prayer, discernment, and [&hellip;]<\/p>\n","protected":false},"author":1,"featured_media":97517,"comment_status":"closed","ping_status":"open","sticky":false,"template":"","format":"standard","meta":{"ngg_post_thumbnail":0,"footnotes":""},"categories":[132,117,148],"tags":[186,891],"class_list":["post-97521","post","type-post","status-publish","format-standard","has-post-thumbnail","category-federations","category-fimp-en","category-news","tag-chapter","tag-spain"],"_links":{"self":[{"href":"https:\/\/www.ofmconv.net\/en\/wp-json\/wp\/v2\/posts\/97521","targetHints":{"allow":["GET"]}}],"collection":[{"href":"https:\/\/www.ofmconv.net\/en\/wp-json\/wp\/v2\/posts"}],"about":[{"href":"https:\/\/www.ofmconv.net\/en\/wp-json\/wp\/v2\/types\/post"}],"author":[{"embeddable":true,"href":"https:\/\/www.ofmconv.net\/en\/wp-json\/wp\/v2\/users\/1"}],"replies":[{"embeddable":true,"href":"https:\/\/www.ofmconv.net\/en\/wp-json\/wp\/v2\/comments?post=97521"}],"version-history":[{"count":1,"href":"https:\/\/www.ofmconv.net\/en\/wp-json\/wp\/v2\/posts\/97521\/revisions"}],"predecessor-version":[{"id":97524,"href":"https:\/\/www.ofmconv.net\/en\/wp-json\/wp\/v2\/posts\/97521\/revisions\/97524"}],"wp:featuredmedia":[{"embeddable":true,"href":"https:\/\/www.ofmconv.net\/en\/wp-json\/wp\/v2\/media\/97517"}],"wp:attachment":[{"href":"https:\/\/www.ofmconv.net\/en\/wp-json\/wp\/v2\/media?parent=97521"}],"wp:term":[{"taxonomy":"category","embeddable":true,"href":"https:\/\/www.ofmconv.net\/en\/wp-json\/wp\/v2\/categories?post=97521"},{"taxonomy":"post_tag","embeddable":true,"href":"https:\/\/www.ofmconv.net\/en\/wp-json\/wp\/v2\/tags?post=97521"}],"curies":[{"name":"wp","href":"https:\/\/api.w.org\/{rel}","templated":true}]}}