{"id":100410,"date":"2026-06-29T13:08:56","date_gmt":"2026-06-29T11:08:56","guid":{"rendered":"https:\/\/www.ofmconv.net\/essere-francescano-e-missionario-e-lamore-piu-grande-che-dio-ha-pensato-per-me\/"},"modified":"2026-06-29T13:13:46","modified_gmt":"2026-06-29T11:13:46","slug":"essere-francescano-e-missionario-e-lamore-piu-grande-che-dio-ha-pensato-per-me","status":"publish","type":"post","link":"https:\/\/www.ofmconv.net\/es\/essere-francescano-e-missionario-e-lamore-piu-grande-che-dio-ha-pensato-per-me\/","title":{"rendered":"\u00abSer franciscano y misionero es el amor m\u00e1s grande que Dios dispuso para m\u00ed\u00bb"},"content":{"rendered":"<p><strong>El Proceso de la Causa de Beatificaci\u00f3n de Fray Casimiro CYPHER, en la Custodia Centroamericana Mar\u00eda Madre de Misericordia y la Di\u00f3cesis de Juticalpa, Honduras, conmemor\u00f3 el pasado 25 de junio de 2026 los 51 a\u00f1os de la vida, misi\u00f3n y testimonio de nuestro Hermano, quien fue asesinado junto con otras 13 personas el 25 de junio de 1975 en la aldea Los Horcones, Lepaguare, Olancho.<\/strong><\/p>\n<p>Desde la oficina de la Vicepostulaci\u00f3n, en el Convento Santa Ana de Campamento, Olancho, con el apoyo de los fieles y de la parroquia San Jer\u00f3nimo de Gualaco, donde reposan los restos de Fray Casimiro, se anim\u00f3 y coordin\u00f3 el programa de actividades conmemorativas, poniendo de relieve sus virtudes, su esp\u00edritu misionero y la memoria hist\u00f3rica de su testimonio, que siguen acrecentando su fama de santidad y martirio entre el pueblo de Dios.<br \/>\nEntre las actividades celebrativas y pastorales realizadas destacaron el encuentro con los miembros de la Pastoral Nacional de Honduras y la Jornada Nacional de la Juventud, que suscitaron un mayor inter\u00e9s por conocer la vida de Fray Casimiro. Asimismo, se distribuyeron materiales impresos y audiovisuales a trav\u00e9s de medios digitales locales, se ofrecieron conferencias radiales y se llevaron a cabo encuentros presenciales con grupos de fieles en diversas comunidades parroquiales de la Di\u00f3cesis.<br \/>\nEl 25 de junio, desde muy temprano, se realiz\u00f3 una oraci\u00f3n conmemorativa junto con los familiares y miembros de las comunidades cercanas, en las inmediaciones del lugar donde fue asesinado. Posteriormente, se llev\u00f3 a cabo una caminata en la que participaron los medios de comunicaci\u00f3n social y personas vinculadas a aquel acontecimiento, que marc\u00f3 la historia de la Iglesia que peregrina en Olancho.<br \/>\nEse mismo d\u00eda se celebr\u00f3 la Eucarist\u00eda en la Catedral de Juticalpa, con una significativa participaci\u00f3n de fieles, concelebrada por los sacerdotes de las parroquias cercanas. Por la tarde, los fieles de la parroquia San Jer\u00f3nimo de Gualaco, junto con los j\u00f3venes del Colegio Casimiro CYPHER de Campamento y del Colegio Francisco BERTRAND de Gualaco, recorrieron las calles portando un lienzo con la imagen de Fray Casimiro, acompa\u00f1ados por tambores y otros instrumentos de percusi\u00f3n. Durante el recorrido se escuch\u00f3 la lectura de algunos fragmentos de la \u00faltima voluntad de Fray Casimiro y de relatos sobre el d\u00eda de su funeral (21 de julio de 1975).<br \/>\nPara concluir la jornada conmemorativa, la comunidad parroquial se reuni\u00f3 en torno al altar para la celebraci\u00f3n de la Eucarist\u00eda, presidida por Su Excelencia Reverend\u00edsima Mons. Jos\u00e9 BONELLO, OFM, Obispo de la Di\u00f3cesis de Juticalpa, quien invit\u00f3 a la comunidad a asumir una misi\u00f3n: \u00abSer memoria viva. Que en cada comunidad por donde Fray Casimiro pas\u00f3 haya una familia que rece, un joven que sirva y un campesino que no se sienta solo\u00bb.<\/p>\n<p style=\"text-align: right;\">Fray Juan Alonzo PAGOADA ACOSTA, Vicepostulador.<\/p>\nngg_shortcode_0_placeholder\n","protected":false},"excerpt":{"rendered":"<p>El Proceso de la Causa de Beatificaci\u00f3n de Fray Casimiro CYPHER, en la Custodia Centroamericana Mar\u00eda Madre de Misericordia y la Di\u00f3cesis de Juticalpa, Honduras, conmemor\u00f3 el pasado 25 de junio de 2026 los 51 a\u00f1os de la vida, misi\u00f3n y testimonio de nuestro Hermano, quien fue asesinado junto con otras 13 personas el 25 [&hellip;]<\/p>\n","protected":false},"author":1,"featured_media":100406,"comment_status":"closed","ping_status":"open","sticky":false,"template":"","format":"standard","meta":{"ngg_post_thumbnail":0,"footnotes":""},"categories":[150,136,145],"tags":[3380,889],"class_list":["post-100410","post","type-post","status-publish","format-standard","has-post-thumbnail","category-noticias","category-oficinas-generales","category-postulatore-es","tag-casimiro-cypher-ofmconv-es","tag-honduras-es"],"_links":{"self":[{"href":"https:\/\/www.ofmconv.net\/es\/wp-json\/wp\/v2\/posts\/100410","targetHints":{"allow":["GET"]}}],"collection":[{"href":"https:\/\/www.ofmconv.net\/es\/wp-json\/wp\/v2\/posts"}],"about":[{"href":"https:\/\/www.ofmconv.net\/es\/wp-json\/wp\/v2\/types\/post"}],"author":[{"embeddable":true,"href":"https:\/\/www.ofmconv.net\/es\/wp-json\/wp\/v2\/users\/1"}],"replies":[{"embeddable":true,"href":"https:\/\/www.ofmconv.net\/es\/wp-json\/wp\/v2\/comments?post=100410"}],"version-history":[{"count":1,"href":"https:\/\/www.ofmconv.net\/es\/wp-json\/wp\/v2\/posts\/100410\/revisions"}],"predecessor-version":[{"id":100415,"href":"https:\/\/www.ofmconv.net\/es\/wp-json\/wp\/v2\/posts\/100410\/revisions\/100415"}],"wp:featuredmedia":[{"embeddable":true,"href":"https:\/\/www.ofmconv.net\/es\/wp-json\/wp\/v2\/media\/100406"}],"wp:attachment":[{"href":"https:\/\/www.ofmconv.net\/es\/wp-json\/wp\/v2\/media?parent=100410"}],"wp:term":[{"taxonomy":"category","embeddable":true,"href":"https:\/\/www.ofmconv.net\/es\/wp-json\/wp\/v2\/categories?post=100410"},{"taxonomy":"post_tag","embeddable":true,"href":"https:\/\/www.ofmconv.net\/es\/wp-json\/wp\/v2\/tags?post=100410"}],"curies":[{"name":"wp","href":"https:\/\/api.w.org\/{rel}","templated":true}]}}