{"id":102724,"date":"2026-08-31T13:23:09","date_gmt":"2026-08-31T11:23:09","guid":{"rendered":"https:\/\/www.ofmconv.net\/90-anni-di-fra-maximilien-sauge-una-vita-al-servizio-del-signore\/"},"modified":"2026-08-31T13:30:05","modified_gmt":"2026-08-31T11:30:05","slug":"90-anni-di-fra-maximilien-sauge-una-vita-al-servizio-del-signore","status":"publish","type":"post","link":"https:\/\/www.ofmconv.net\/es\/90-anni-di-fra-maximilien-sauge-una-vita-al-servizio-del-signore\/","title":{"rendered":"90 a\u00f1os de Fray Maximilien SAUGE: una vida al servicio del Se\u00f1or"},"content":{"rendered":"<p><strong>El 25 de agosto de 2026, en Viena, Austria, se celebr\u00f3 de manera especial el 90.\u00ba cumplea\u00f1os de Fray Maximilien SAUGE. En presencia de sus familiares, la comunidad se reuni\u00f3 en la iglesia parroquial del 8.\u00ba distrito de Viena para una solemne Misa de acci\u00f3n de gracias.<\/strong><\/p>\n<p>Con motivo de la celebraci\u00f3n, llegaron tambi\u00e9n varios Hermanos de las comunidades internacionales: el Ministro provincial de la Provincia de Santa Isabel en Alemania, Fray Andreas MURK; el Asistente general de la CEF (Centralis Europae Foederatio), Fray Vincent COSATTI; y el Ministro provincial de la Provincia de San Jer\u00f3nimo en Croacia, Fray Miljenko HONTI\u0106. Su presencia puso de manifiesto el v\u00ednculo de la comunidad con la fraternidad internacional de la Orden y la estima hacia el Hermano homenajeado.<br \/>\nDurante la celebraci\u00f3n se recorrieron con gratitud los 90 a\u00f1os de vida de Fray Maximilien SAUGE y se dio gracias a Dios por su vida, su camino y su fiel servicio en la comunidad.<br \/>\nA Fray Maximilien SAUGE se le expresaron deseos de buena salud, alegr\u00eda y fortaleza, acompa\u00f1ados de la oraci\u00f3n por la bendici\u00f3n de Dios y de la esperanza de poder compartir todav\u00eda muchos a\u00f1os m\u00e1s al servicio del Se\u00f1or y en la fraternidad.<\/p>\n<p style=\"text-align: right;\">Fray Bernhard LANG.<\/p>\nngg_shortcode_0_placeholder\n","protected":false},"excerpt":{"rendered":"<p>El 25 de agosto de 2026, en Viena, Austria, se celebr\u00f3 de manera especial el 90.\u00ba cumplea\u00f1os de Fray Maximilien SAUGE. En presencia de sus familiares, la comunidad se reuni\u00f3 en la iglesia parroquial del 8.\u00ba distrito de Viena para una solemne Misa de acci\u00f3n de gracias. Con motivo de la celebraci\u00f3n, llegaron tambi\u00e9n varios [&hellip;]<\/p>\n","protected":false},"author":1,"featured_media":102720,"comment_status":"closed","ping_status":"open","sticky":false,"template":"","format":"standard","meta":{"ngg_post_thumbnail":0,"footnotes":""},"categories":[102,133,150],"tags":[1435,5303],"class_list":["post-102724","post","type-post","status-publish","format-standard","has-post-thumbnail","category-cef-es","category-federaciones","category-noticias","tag-austria-suiza","tag-maximilien-sauge-ofmconv"],"_links":{"self":[{"href":"https:\/\/www.ofmconv.net\/es\/wp-json\/wp\/v2\/posts\/102724","targetHints":{"allow":["GET"]}}],"collection":[{"href":"https:\/\/www.ofmconv.net\/es\/wp-json\/wp\/v2\/posts"}],"about":[{"href":"https:\/\/www.ofmconv.net\/es\/wp-json\/wp\/v2\/types\/post"}],"author":[{"embeddable":true,"href":"https:\/\/www.ofmconv.net\/es\/wp-json\/wp\/v2\/users\/1"}],"replies":[{"embeddable":true,"href":"https:\/\/www.ofmconv.net\/es\/wp-json\/wp\/v2\/comments?post=102724"}],"version-history":[{"count":2,"href":"https:\/\/www.ofmconv.net\/es\/wp-json\/wp\/v2\/posts\/102724\/revisions"}],"predecessor-version":[{"id":102730,"href":"https:\/\/www.ofmconv.net\/es\/wp-json\/wp\/v2\/posts\/102724\/revisions\/102730"}],"wp:featuredmedia":[{"embeddable":true,"href":"https:\/\/www.ofmconv.net\/es\/wp-json\/wp\/v2\/media\/102720"}],"wp:attachment":[{"href":"https:\/\/www.ofmconv.net\/es\/wp-json\/wp\/v2\/media?parent=102724"}],"wp:term":[{"taxonomy":"category","embeddable":true,"href":"https:\/\/www.ofmconv.net\/es\/wp-json\/wp\/v2\/categories?post=102724"},{"taxonomy":"post_tag","embeddable":true,"href":"https:\/\/www.ofmconv.net\/es\/wp-json\/wp\/v2\/tags?post=102724"}],"curies":[{"name":"wp","href":"https:\/\/api.w.org\/{rel}","templated":true}]}}