{"id":102761,"date":"2026-08-31T13:53:08","date_gmt":"2026-08-31T11:53:08","guid":{"rendered":"https:\/\/www.ofmconv.net\/rivotorto-lordinazione-di-due-nuovi-diaconi-il-ministero-e-servizio\/"},"modified":"2026-08-31T14:08:35","modified_gmt":"2026-08-31T12:08:35","slug":"rivotorto-lordinazione-di-due-nuovi-diaconi-il-ministero-e-servizio","status":"publish","type":"post","link":"https:\/\/www.ofmconv.net\/es\/rivotorto-lordinazione-di-due-nuovi-diaconi-il-ministero-e-servizio\/","title":{"rendered":"\u00abEl ministerio es servicio\u00bb: ordenaci\u00f3n de dos nuevos di\u00e1conos en Rivotorto"},"content":{"rendered":"<p><strong>En el marco sencillo y austero del Santuario del Santo Tugurio de Rivotorto, los Hermanos de la Custodia general del Sacro Convento de San Francisco de As\u00eds, en Italia, vivieron un intenso momento de alegr\u00eda y oraci\u00f3n con motivo de la ordenaci\u00f3n diaconal de Fray Domenico TORRE y Fray Francesco Maria (Xinyi) ZHAO.<\/strong><\/p>\n<p>La celebraci\u00f3n tuvo lugar la tarde del 14 de agosto de 2026, memoria de San Maximiliano Mar\u00eda Kolbe y v\u00edspera de la solemnidad de la Asunci\u00f3n de la Bienaventurada Virgen Mar\u00eda, y estuvo presidida por Mons. Felice ACCROCCA, Obispo de As\u00eds-Nocera Umbra-Gualdo Tadino y de Foligno. Participaron numerosos concelebrantes, di\u00e1conos, religiosas y religiosos, con el afecto y la participaci\u00f3n de la comunidad parroquial de Rivotorto.<br \/>\nFray Domenico TORRE, de 51 a\u00f1os, originario de Sicilia y miembro de la Custodia desde hace algunos a\u00f1os, curs\u00f3 sus estudios en As\u00eds y continuar\u00e1 su formaci\u00f3n en Roma, donde obtendr\u00e1 la licenciatura en Derecho can\u00f3nico. Por su parte, Fray Francesco Maria (Xinyi) ZHAO, de 38 a\u00f1os, continuar\u00e1 sus estudios para obtener la licenciatura en Teolog\u00eda lit\u00fargica. Ambos cursar\u00e1n sus respectivas licenciaturas en la Pontificia Universidad de la Santa Cruz de Roma.<br \/>\nEspecialmente significativa fue la reflexi\u00f3n que el Obispo dirigi\u00f3 a los candidatos a la ordenaci\u00f3n. Mons. ACCROCCA los exhort\u00f3 a no caer en la tentaci\u00f3n de recuperar los atributos de poder de los que el Se\u00f1or Jes\u00fas quiso despojarse. A la luz de la espiritualidad de San Francisco, el ministerio es, ante todo, servicio, seg\u00fan la l\u00f3gica evang\u00e9lica del servus, del siervo.<br \/>\nEl Obispo invit\u00f3 tambi\u00e9n a los di\u00e1conos a vivir la dimensi\u00f3n de la \u00abcustodia rec\u00edproca\u00bb: el servicio cristiano, en efecto, no es una acci\u00f3n unilateral, sino una forma de vigilancia, atenci\u00f3n y cuidado mutuos, capaz de sostener y acompa\u00f1ar a toda la comunidad.<br \/>\nUn signo particularmente elocuente de esta comuni\u00f3n se vivi\u00f3 al t\u00e9rmino del rito de ordenaci\u00f3n, cuando los nuevos di\u00e1conos, revestidos con la dalm\u00e1tica, fueron recibidos con un abrazo por los dem\u00e1s di\u00e1conos presentes, como signo de su incorporaci\u00f3n simb\u00f3lica al colegio diaconal.<br \/>\nAl finalizar la celebraci\u00f3n, el Custodio, Fray Marco MORONI, dirigi\u00f3 un saludo a los presentes y expres\u00f3 al Se\u00f1or su gratitud por el don de la vocaci\u00f3n de Fray Domenico y Fray Francesco, as\u00ed como por la c\u00e1lida acogida con que la comunidad religiosa y parroquial de Rivotorto acompa\u00f1\u00f3 este momento de gracia y celebraci\u00f3n.<br \/>\nEn este lugar, que conserva la memoria de la fraternidad vivida por San Francisco, la celebraci\u00f3n dej\u00f3 una invitaci\u00f3n sencilla y concreta: hacer de la propia vida un servicio. Este es el camino que ahora se abre ante Fray Domenico y Fray Francesco, llamados a vivir el ministerio diaconal seg\u00fan la l\u00f3gica del Evangelio, la de Cristo que se hace siervo.<br \/>\nLa fraternidad custodial y la comunidad de Rivotorto los acompa\u00f1an con gratitud y oraci\u00f3n, para que su \u00abs\u00ed\u00bb siga dando fruto en la Iglesia y entre los hombres.<\/p>\n<p style=\"text-align: right;\">Fray Silvano BIANCO, Secretario custodial.<\/p>\nngg_shortcode_0_placeholder\n","protected":false},"excerpt":{"rendered":"<p>En el marco sencillo y austero del Santuario del Santo Tugurio de Rivotorto, los Hermanos de la Custodia general del Sacro Convento de San Francisco de As\u00eds, en Italia, vivieron un intenso momento de alegr\u00eda y oraci\u00f3n con motivo de la ordenaci\u00f3n diaconal de Fray Domenico TORRE y Fray Francesco Maria (Xinyi) ZHAO. La celebraci\u00f3n [&hellip;]<\/p>\n","protected":false},"author":1,"featured_media":102757,"comment_status":"closed","ping_status":"open","sticky":false,"template":"","format":"standard","meta":{"ngg_post_thumbnail":0,"footnotes":""},"categories":[133,116,150],"tags":[2209,1004,850],"class_list":["post-102761","post","type-post","status-publish","format-standard","has-post-thumbnail","category-federaciones","category-fimp-es","category-noticias","tag-italia-asis","tag-ordenacion-diaconal","tag-rivotorto-es"],"_links":{"self":[{"href":"https:\/\/www.ofmconv.net\/es\/wp-json\/wp\/v2\/posts\/102761","targetHints":{"allow":["GET"]}}],"collection":[{"href":"https:\/\/www.ofmconv.net\/es\/wp-json\/wp\/v2\/posts"}],"about":[{"href":"https:\/\/www.ofmconv.net\/es\/wp-json\/wp\/v2\/types\/post"}],"author":[{"embeddable":true,"href":"https:\/\/www.ofmconv.net\/es\/wp-json\/wp\/v2\/users\/1"}],"replies":[{"embeddable":true,"href":"https:\/\/www.ofmconv.net\/es\/wp-json\/wp\/v2\/comments?post=102761"}],"version-history":[{"count":2,"href":"https:\/\/www.ofmconv.net\/es\/wp-json\/wp\/v2\/posts\/102761\/revisions"}],"predecessor-version":[{"id":102767,"href":"https:\/\/www.ofmconv.net\/es\/wp-json\/wp\/v2\/posts\/102761\/revisions\/102767"}],"wp:featuredmedia":[{"embeddable":true,"href":"https:\/\/www.ofmconv.net\/es\/wp-json\/wp\/v2\/media\/102757"}],"wp:attachment":[{"href":"https:\/\/www.ofmconv.net\/es\/wp-json\/wp\/v2\/media?parent=102761"}],"wp:term":[{"taxonomy":"category","embeddable":true,"href":"https:\/\/www.ofmconv.net\/es\/wp-json\/wp\/v2\/categories?post=102761"},{"taxonomy":"post_tag","embeddable":true,"href":"https:\/\/www.ofmconv.net\/es\/wp-json\/wp\/v2\/tags?post=102761"}],"curies":[{"name":"wp","href":"https:\/\/api.w.org\/{rel}","templated":true}]}}