{"id":102834,"date":"2026-09-02T13:05:04","date_gmt":"2026-09-02T11:05:04","guid":{"rendered":"https:\/\/www.ofmconv.net\/la-m-i-in-brasile-rinnova-la-propria-missione-ed-elegge-il-nuovo-consiglio-nazionale\/"},"modified":"2026-09-02T13:17:51","modified_gmt":"2026-09-02T11:17:51","slug":"la-m-i-in-brasile-rinnova-la-propria-missione-ed-elegge-il-nuovo-consiglio-nazionale","status":"publish","type":"post","link":"https:\/\/www.ofmconv.net\/es\/la-m-i-in-brasile-rinnova-la-propria-missione-ed-elegge-il-nuovo-consiglio-nazionale\/","title":{"rendered":"La M.I. en Brasil renueva su misi\u00f3n y elige su nuevo Consejo Nacional"},"content":{"rendered":"<p><strong>Del 18 al 23 de agosto de 2026, Miquel BORDAS PR\u00d3SZY\u0143SKI, Presidente internacional de la Milicia de la Inmaculada (M.I.), y Fray Gilson Miguel NUNES, Delegado del Asistente internacional de la M.I., visitaron la realidad de la asociaci\u00f3n en Brasil y participaron en la III Asamblea Nacional Electiva, celebrada del 21 al 23 de agosto en <em>Jardim da Imaculada<\/em>, en Cidade Ocidental, cerca de Brasilia.<\/strong><\/p>\n<p>El viaje comenz\u00f3 en S\u00e3o Bernardo do Campo, donde visitaron el Centro Regional de la M.I. y la Red Inmaculada de Comunicaci\u00f3n (Rede Imaculada de Comunica\u00e7\u00e3o), pocos d\u00edas antes del Cap\u00edtulo provincial que hizo efectiva la unificaci\u00f3n de las jurisdicciones OFMConv Provincia de San Francisco en Brasil y de la Custodia provincial de la Inmaculada Concepci\u00f3n de la B.V.M. en Brasil en la nueva Provincia de Nuestra Se\u00f1ora de Aparecida en Brasil. Posteriormente, se trasladaron a <em>Jardim da Imaculada<\/em>, en Cidade Ocidental, cerca de Brasilia, para participar en la III Asamblea Nacional Electiva de la M.I. de Brasil, celebrada del 21 al 23 de agosto.<br \/>\nEn S\u00e3o Bernardo do Campo, la visita comenz\u00f3 con la celebraci\u00f3n de la Santa Misa en el Oratorio del Centro Regional, presidida por Fray Gilson Miguel y concelebrada por los Hermanos Menores Conventuales que forman parte del Consejo de Gesti\u00f3n de la Red Inmaculada de Comunicaci\u00f3n. Tras la celebraci\u00f3n, hubo un momento de fraternidad y di\u00e1logo con los responsables de la Red, seguido por la participaci\u00f3n de Fray Gilson y Miquel en el programa <em>Em Sintonia<\/em>, en el segmento \u00abEncuentro con Mar\u00eda\u00bb. La visita permiti\u00f3 fortalecer los lazos entre la realidad internacional y la M.I. en Brasil y renovar el compromiso con el ideal de San Maximiliano Mar\u00eda Kolbe: poner la vida y todos los medios disponibles al servicio de la evangelizaci\u00f3n y de la misi\u00f3n de llevar el amor de la Inmaculada a todas las almas.<br \/>\nEl 19 de agosto, ambos se trasladaron a Brasilia y, al d\u00eda siguiente, Miquel BORDAS pudo encontrarse con Fray Gilberto DE JESUS RODRIGUES, Ministro de la Provincia de San Maximiliano Mar\u00eda Kolbe en Brasil, en la Curia provincial, adem\u00e1s de visitar la Bas\u00edlica de San Francisco.<br \/>\nLa III Asamblea Nacional de la M.I. reuni\u00f3, del 21 al 23 de agosto, a m\u00e1s de treinta delegados procedentes de diferentes estados brasile\u00f1os, incluido Amazonas. El encuentro estuvo marcado por la oraci\u00f3n, la fraternidad, la escucha, la evaluaci\u00f3n y el discernimiento sobre el camino de la asociaci\u00f3n. El objetivo era valorar el cuatrienio 2022-2026, conocer mejor las distintas realidades de la M.I. en el pa\u00eds, identificar los principales desaf\u00edos y establecer prioridades para los pr\u00f3ximos cuatro a\u00f1os, junto con la elecci\u00f3n del nuevo Consejo Nacional.<br \/>\nA lo largo de las jornadas se compartieron experiencias de los diferentes grupos locales, poniendo de manifiesto la riqueza y diversidad de la M.I. en Brasil, as\u00ed como la necesidad de fortalecer la formaci\u00f3n, la organizaci\u00f3n, la comunicaci\u00f3n y el acompa\u00f1amiento de las distintas realidades. El informe del periodo 2022-2026 destac\u00f3, entre otros frutos, el crecimiento de los grupos y de las consagraciones a la Inmaculada, la expansi\u00f3n misionera, la formaci\u00f3n, los retiros, las vigilias, las visitas a familias, el trabajo con ni\u00f1os y j\u00f3venes y la presencia en medios de comunicaci\u00f3n. Al mismo tiempo, se se\u00f1alaron retos relacionados con la comunicaci\u00f3n, la formaci\u00f3n, el acompa\u00f1amiento de los miembros, la organizaci\u00f3n y la sostenibilidad de la asociaci\u00f3n.<br \/>\nEn un clima de oraci\u00f3n y discernimiento, el 22 de agosto fue elegido el nuevo Consejo Nacional para el mandato 2026-2030: Ver\u00f4nica Ferreira de Souza, Presidenta nacional; Thiago Balby, Vicepresidente; Taiane Meneses, Secretaria nacional; y Sandra Machado, Paulinele Teixeira y Geny Cruz, Consejeros. Tambi\u00e9n fueron elegidos los miembros del Colegio de Revisores de Cuentas: Luzinete Ferreira, Maria Gorethe y Concei\u00e7\u00e3o de Mar\u00eda Bezerra. Fray Jorge CAMPELO DE ALBUQUERQUE E MELO contin\u00faa como Asistente nacional de la M.I. en Brasil.<br \/>\nLa Asamblea concluy\u00f3 el 23 de agosto con la celebraci\u00f3n de la Santa Misa, presidida por Fray Gilson Miguel NUNES, y una visita a los distintos espacios de <em>Jardim da Imaculada<\/em>, sede nacional de la M.I. en Brasil. Los participantes confiaron a la Inmaculada el nuevo cuatrienio y las propuestas surgidas durante el encuentro, entre ellas el fortalecimiento de la unidad y la comunicaci\u00f3n, la formaci\u00f3n, la atenci\u00f3n a los j\u00f3venes, el acompa\u00f1amiento de las distintas regiones y la reanudaci\u00f3n de la presencia misionera en Amazonas.<br \/>\nLa III Asamblea Nacional ha sido as\u00ed un momento de renovaci\u00f3n de la comuni\u00f3n y del compromiso misionero de la Milicia de la Inmaculada en Brasil. Los participantes regresaron a sus respectivas realidades con el deseo de seguir haciendo crecer la misi\u00f3n, transformando la diversidad de las presencias de la M.I. en una mayor unidad y colaboraci\u00f3n, y permaneciendo fieles al carisma de San Maximiliano Mar\u00eda Kolbe.<\/p>\n<p style=\"text-align: right;\">Miquel BORDAS PR\u00d3SZY\u0143SKI \/ Ver\u00f4nica FERREIRA DE SOUZA<\/p>\nngg_shortcode_0_placeholder\n","protected":false},"excerpt":{"rendered":"<p>Del 18 al 23 de agosto de 2026, Miquel BORDAS PR\u00d3SZY\u0143SKI, Presidente internacional de la Milicia de la Inmaculada (M.I.), y Fray Gilson Miguel NUNES, Delegado del Asistente internacional de la M.I., visitaron la realidad de la asociaci\u00f3n en Brasil y participaron en la III Asamblea Nacional Electiva, celebrada del 21 al 23 de agosto [&hellip;]<\/p>\n","protected":false},"author":1,"featured_media":102830,"comment_status":"closed","ping_status":"open","sticky":false,"template":"","format":"standard","meta":{"ngg_post_thumbnail":0,"footnotes":""},"categories":[124,150,136],"tags":[925,405],"class_list":["post-102834","post","type-post","status-publish","format-standard","has-post-thumbnail","category-mi-es","category-noticias","category-oficinas-generales","tag-asamblea-m-i","tag-brasil"],"_links":{"self":[{"href":"https:\/\/www.ofmconv.net\/es\/wp-json\/wp\/v2\/posts\/102834","targetHints":{"allow":["GET"]}}],"collection":[{"href":"https:\/\/www.ofmconv.net\/es\/wp-json\/wp\/v2\/posts"}],"about":[{"href":"https:\/\/www.ofmconv.net\/es\/wp-json\/wp\/v2\/types\/post"}],"author":[{"embeddable":true,"href":"https:\/\/www.ofmconv.net\/es\/wp-json\/wp\/v2\/users\/1"}],"replies":[{"embeddable":true,"href":"https:\/\/www.ofmconv.net\/es\/wp-json\/wp\/v2\/comments?post=102834"}],"version-history":[{"count":2,"href":"https:\/\/www.ofmconv.net\/es\/wp-json\/wp\/v2\/posts\/102834\/revisions"}],"predecessor-version":[{"id":102840,"href":"https:\/\/www.ofmconv.net\/es\/wp-json\/wp\/v2\/posts\/102834\/revisions\/102840"}],"wp:featuredmedia":[{"embeddable":true,"href":"https:\/\/www.ofmconv.net\/es\/wp-json\/wp\/v2\/media\/102830"}],"wp:attachment":[{"href":"https:\/\/www.ofmconv.net\/es\/wp-json\/wp\/v2\/media?parent=102834"}],"wp:term":[{"taxonomy":"category","embeddable":true,"href":"https:\/\/www.ofmconv.net\/es\/wp-json\/wp\/v2\/categories?post=102834"},{"taxonomy":"post_tag","embeddable":true,"href":"https:\/\/www.ofmconv.net\/es\/wp-json\/wp\/v2\/tags?post=102834"}],"curies":[{"name":"wp","href":"https:\/\/api.w.org\/{rel}","templated":true}]}}