{"id":102859,"date":"2026-09-02T13:23:10","date_gmt":"2026-09-02T11:23:10","guid":{"rendered":"https:\/\/www.ofmconv.net\/assisi-nove-novizi-emettono-la-prima-professione-nel-segno-della-perfetta-carita\/"},"modified":"2026-09-02T13:29:07","modified_gmt":"2026-09-02T11:29:07","slug":"assisi-nove-novizi-emettono-la-prima-professione-nel-segno-della-perfetta-carita","status":"publish","type":"post","link":"https:\/\/www.ofmconv.net\/es\/assisi-nove-novizi-emettono-la-prima-professione-nel-segno-della-perfetta-carita\/","title":{"rendered":"As\u00eds: nueve novicios emiten su primera Profesi\u00f3n bajo el signo de la \u00abperfecta caridad\u00bb"},"content":{"rendered":"<p><strong>Al concluir el a\u00f1o de noviciado, la fraternidad del Sacro Convento celebr\u00f3 la Profesi\u00f3n temporal de nueve novicios. Acompa\u00f1ados por sus formadores, el Maestro, Fray Federico SANTOLIN, y el Vicemaestro, Fray Jonathan MUTUO, los candidatos hicieron profesi\u00f3n de los consejos evang\u00e9licos ante sus respectivos Ministros provinciales.<\/strong><\/p>\n<p>La celebraci\u00f3n tuvo lugar durante la ma\u00f1ana del 29 de agosto de 2026, en la iglesia inferior de la Bas\u00edlica Papal de San Francisco de As\u00eds, en presencia de los familiares de los novicios, llegados tambi\u00e9n desde el extranjero, y de numerosos amigos y conocidos que, de distintas maneras, los han acompa\u00f1ado durante su proceso formativo. Tambi\u00e9n participaron en la celebraci\u00f3n el Vicario general de la Orden, Fray Igor SALMI\u010c; el Procurador general, Fray Maurizio DI PAOLO; y el Postulador general, Fray Raimundo Valdo NOGUEIRA.<br \/>\nEl solemne rito fue presidido por el Custodio del Sacro Convento, Fray Marco MORONI, y cont\u00f3 con el acompa\u00f1amiento de los cantos de un coro formado por algunos j\u00f3venes, religiosas y Hermanos, bajo la direcci\u00f3n de Fray Emanuel CHIRICHE\u0218.<br \/>\nEn la homil\u00eda, centrada en el tema de la \u00abperfecta caridad\u00bb, el Custodio explic\u00f3 el profundo significado de la f\u00f3rmula de Profesi\u00f3n. La perfecci\u00f3n a la que est\u00e1 llamado el consagrado, subray\u00f3, no consiste en una forma de perfeccionismo, sino en saber integrar en la propia vida la llamada evang\u00e9lica a la perfecci\u00f3n \u2014\u00absean perfectos\u00bb\u2014 y la llamada a la misericordia \u2014\u00absean misericordiosos\u00bb\u2014. La verdadera perfecci\u00f3n, en efecto, es la misericordia.<br \/>\nVivida en la fraternidad y en la entrega de uno mismo, la Profesi\u00f3n de los votos no supone, por tanto, optar por una vida \u00abperfecta\u00bb, sino comprometerse a volver constantemente la mirada hacia Jes\u00fas y dejarse guiar por \u00c9l en el camino de la propia vocaci\u00f3n.<br \/>\nAs\u00ed, la fraternidad del Sacro Convento acogi\u00f3 con alegr\u00eda la Profesi\u00f3n temporal de Fray Alexis Marie CAMPINHO LEMOS, Fray J\u00e9r\u00f4me Marie JACQUEMIN y Fray Micka\u00ebl Marie RINEAU, de la Custodia provincial de San Buenaventura en Francia y B\u00e9lgica; Fray Ante \u0106IBARI\u0106, Fray Vedran KAMENE\u010cKI y Fray Filip PANZA, de la Provincia de San Jer\u00f3nimo en Croacia; Fray Andrea Celestino Pio ACQUAVIVA, de la Provincia Italiana de San Antonio de Padua [Italia Norte]; Fray Giovanni Maria AVALLONE, de la Provincia Italiana de la Inmaculada Concepci\u00f3n [Calabria y Sicilia]; y Fray Vittorio MINETOLA, de la Provincia Italiana de San Jos\u00e9 de Cupertino [Abruzos-Molise-Apulia].<br \/>\nA los nueve neoprofesos, la fraternidad del Sacro Convento les desea que prosigan con alegr\u00eda y provecho su formaci\u00f3n y sus estudios, creciendo en la fraternidad y en el seguimiento de Cristo seg\u00fan el esp\u00edritu de San Francisco.<\/p>\n<p style=\"text-align: right;\">Fray Silvano BIANCO, Secretario custodial.<\/p>\nngg_shortcode_0_placeholder\n","protected":false},"excerpt":{"rendered":"<p>Al concluir el a\u00f1o de noviciado, la fraternidad del Sacro Convento celebr\u00f3 la Profesi\u00f3n temporal de nueve novicios. Acompa\u00f1ados por sus formadores, el Maestro, Fray Federico SANTOLIN, y el Vicemaestro, Fray Jonathan MUTUO, los candidatos hicieron profesi\u00f3n de los consejos evang\u00e9licos ante sus respectivos Ministros provinciales. La celebraci\u00f3n tuvo lugar durante la ma\u00f1ana del 29 [&hellip;]<\/p>\n","protected":false},"author":1,"featured_media":102855,"comment_status":"closed","ping_status":"open","sticky":false,"template":"","format":"standard","meta":{"ngg_post_thumbnail":0,"footnotes":""},"categories":[133,116,150],"tags":[2209,1228],"class_list":["post-102859","post","type-post","status-publish","format-standard","has-post-thumbnail","category-federaciones","category-fimp-es","category-noticias","tag-italia-asis","tag-profesion-temporal"],"_links":{"self":[{"href":"https:\/\/www.ofmconv.net\/es\/wp-json\/wp\/v2\/posts\/102859","targetHints":{"allow":["GET"]}}],"collection":[{"href":"https:\/\/www.ofmconv.net\/es\/wp-json\/wp\/v2\/posts"}],"about":[{"href":"https:\/\/www.ofmconv.net\/es\/wp-json\/wp\/v2\/types\/post"}],"author":[{"embeddable":true,"href":"https:\/\/www.ofmconv.net\/es\/wp-json\/wp\/v2\/users\/1"}],"replies":[{"embeddable":true,"href":"https:\/\/www.ofmconv.net\/es\/wp-json\/wp\/v2\/comments?post=102859"}],"version-history":[{"count":2,"href":"https:\/\/www.ofmconv.net\/es\/wp-json\/wp\/v2\/posts\/102859\/revisions"}],"predecessor-version":[{"id":102865,"href":"https:\/\/www.ofmconv.net\/es\/wp-json\/wp\/v2\/posts\/102859\/revisions\/102865"}],"wp:featuredmedia":[{"embeddable":true,"href":"https:\/\/www.ofmconv.net\/es\/wp-json\/wp\/v2\/media\/102855"}],"wp:attachment":[{"href":"https:\/\/www.ofmconv.net\/es\/wp-json\/wp\/v2\/media?parent=102859"}],"wp:term":[{"taxonomy":"category","embeddable":true,"href":"https:\/\/www.ofmconv.net\/es\/wp-json\/wp\/v2\/categories?post=102859"},{"taxonomy":"post_tag","embeddable":true,"href":"https:\/\/www.ofmconv.net\/es\/wp-json\/wp\/v2\/tags?post=102859"}],"curies":[{"name":"wp","href":"https:\/\/api.w.org\/{rel}","templated":true}]}}