{"id":102881,"date":"2026-09-02T13:35:52","date_gmt":"2026-09-02T11:35:52","guid":{"rendered":"https:\/\/www.ofmconv.net\/papa-leone-xiv-celebra-la-giornata-per-la-cura-del-creato-a-castel-gandolfo\/"},"modified":"2026-09-02T13:44:05","modified_gmt":"2026-09-02T11:44:05","slug":"papa-leone-xiv-celebra-la-giornata-per-la-cura-del-creato-a-castel-gandolfo","status":"publish","type":"post","link":"https:\/\/www.ofmconv.net\/es\/papa-leone-xiv-celebra-la-giornata-per-la-cura-del-creato-a-castel-gandolfo\/","title":{"rendered":"El Papa Le\u00f3n XIV celebra la Jornada por el Cuidado de la Creaci\u00f3n en Castel Gandolfo"},"content":{"rendered":"<p><strong>El 1 de septiembre de 2026, el Papa Le\u00f3n XIV presidi\u00f3 la Santa Misa por el Cuidado de la Creaci\u00f3n en el Jard\u00edn de la <em>Madonnina<\/em>, en el <em>Borgo Laudato Si\u2019<\/em>, situado dentro de los Jardines de las Villas Pontificias de Castel Gandolfo. La celebraci\u00f3n tuvo lugar con motivo de la XI Jornada Mundial de Oraci\u00f3n por el Cuidado de la Creaci\u00f3n y cuando el Tiempo de la Creaci\u00f3n llegaba a su fin, en el a\u00f1o del VIII Centenario del Tr\u00e1nsito de San Francisco.<\/strong><\/p>\n<p>A las 18:30, hora de Roma, el Papa Le\u00f3n presidi\u00f3 la Eucarist\u00eda, convirti\u00e9ndose en el primer Papa que preside personalmente una Misa con motivo de la Jornada Mundial de Oraci\u00f3n por el Cuidado de la Creaci\u00f3n. Para la celebraci\u00f3n utiliz\u00f3 el formulario de la Misa que \u00c9l mismo hab\u00eda aprobado el a\u00f1o anterior. El calendario oficial de la Santa Sede confirma que la celebraci\u00f3n tuvo lugar en el <em>Borgo Laudato Si\u2019<\/em> de Castel Gandolfo.<\/p>\n<p><strong>El mensaje escuchado con o\u00eddos franciscanos<br \/>\n<\/strong>El mensaje del Papa Le\u00f3n para la Jornada, firmado en la solemnidad de la Asunci\u00f3n, toma su t\u00edtulo de las palabras del profeta Isa\u00edas: \u00abCon sus espadas forjar\u00e1n arados y podaderas con sus lanzas\u00bb (Is 2,4). En \u00e9l, el Papa se\u00f1ala que la guerra deja tras de s\u00ed una destrucci\u00f3n social y ecol\u00f3gica que perdura durante generaciones, mientras que los conflictos armados y el deterioro ambiental se alimentan mutuamente en un c\u00edrculo vicioso: los ecosistemas son destruidos, el aire y el agua se contaminan, la seguridad alimentaria se ve comprometida y aumentan la pobreza y las desigualdades, creando as\u00ed un terreno propicio para nuevos conflictos.<\/p>\n<p>A continuaci\u00f3n, relaciona el clamor de la tierra y el clamor de los pobres con la guerra:<\/p>\n<p><em>\u00abLos da\u00f1os de la guerra y el deterioro de la tierra est\u00e1n entonces profundamente vinculados con la condici\u00f3n del coraz\u00f3n humano\u00bb.<a href=\"#_ftn1\" name=\"_ftnref1\"><strong>[1]<\/strong><\/a><\/em><\/p>\n<p>Cita a Benedicto XVI, quien record\u00f3 que los desiertos exteriores se multiplican en el mundo porque se han extendido los desiertos interiores. El Papa Le\u00f3n concluye su reflexi\u00f3n acompa\u00f1\u00e1ndonos del desierto al jard\u00edn, de la divisi\u00f3n a la comuni\u00f3n y de la violencia a la paz.<br \/>\nEl Papa Le\u00f3n ha unido la paz y la Creaci\u00f3n en una misma afirmaci\u00f3n y no permite que se separen. El mismo paradigma lo encontramos en nuestra vida como franciscanos, marcada por el <em>C\u00e1ntico <\/em>de Francisco, donde la estrofa dedicada a quienes perdonan se sit\u00faa entre las criaturas y la Hermana Muerte. Francisco no escribi\u00f3 un poema sobre la ecolog\u00eda para a\u00f1adir despu\u00e9s una estrofa sobre la paz. Escribi\u00f3 un \u00fanico canto, que llevamos en el coraz\u00f3n mientras celebramos el VIII Centenario de su Tr\u00e1nsito.<\/p>\n<p><strong>Kit de recursos para la difusi\u00f3n<br \/>\n<\/strong>Les invitamos a compartir este recurso:<br \/>\n<a href=\"https:\/\/docs.google.com\/document\/d\/1Fj9xDFeQl4EB-ewbYU6r_U931xWWa3_J9AcGqDrxW8Q\/edit?tab=t.0\">Kit de recursos para la difusi\u00f3n<\/a><\/p>\n<p>Que la gracia de la Jornada por el Cuidado de la Creaci\u00f3n est\u00e9 con ustedes.<\/p>\n<p style=\"text-align: right;\">Fray Michael LASKY,<br \/>\nDelegado general para Justicia, Paz e Integridad de la Creaci\u00f3n.<\/p>\n<hr>\n<p><span style=\"font-size: 8pt;\"><a href=\"#_ftnref1\" name=\"_ftn1\">[1]<\/a> https:\/\/www.vatican.va\/content\/leo-xiv\/es\/messages\/creation\/documents\/20260815-messaggio-giornata-curacreato.html<\/span><\/p>\nngg_shortcode_0_placeholder\n","protected":false},"excerpt":{"rendered":"<p>El 1 de septiembre de 2026, el Papa Le\u00f3n XIV presidi\u00f3 la Santa Misa por el Cuidado de la Creaci\u00f3n en el Jard\u00edn de la Madonnina, en el Borgo Laudato Si\u2019, situado dentro de los Jardines de las Villas Pontificias de Castel Gandolfo. La celebraci\u00f3n tuvo lugar con motivo de la XI Jornada Mundial de [&hellip;]<\/p>\n","protected":false},"author":1,"featured_media":102898,"comment_status":"closed","ping_status":"open","sticky":false,"template":"","format":"standard","meta":{"ngg_post_thumbnail":0,"footnotes":""},"categories":[121,150,136],"tags":[4896],"class_list":["post-102881","post","type-post","status-publish","format-standard","has-post-thumbnail","category-gpic-es","category-noticias","category-oficinas-generales","tag-papa-leon-xiv"],"_links":{"self":[{"href":"https:\/\/www.ofmconv.net\/es\/wp-json\/wp\/v2\/posts\/102881","targetHints":{"allow":["GET"]}}],"collection":[{"href":"https:\/\/www.ofmconv.net\/es\/wp-json\/wp\/v2\/posts"}],"about":[{"href":"https:\/\/www.ofmconv.net\/es\/wp-json\/wp\/v2\/types\/post"}],"author":[{"embeddable":true,"href":"https:\/\/www.ofmconv.net\/es\/wp-json\/wp\/v2\/users\/1"}],"replies":[{"embeddable":true,"href":"https:\/\/www.ofmconv.net\/es\/wp-json\/wp\/v2\/comments?post=102881"}],"version-history":[{"count":3,"href":"https:\/\/www.ofmconv.net\/es\/wp-json\/wp\/v2\/posts\/102881\/revisions"}],"predecessor-version":[{"id":102902,"href":"https:\/\/www.ofmconv.net\/es\/wp-json\/wp\/v2\/posts\/102881\/revisions\/102902"}],"wp:featuredmedia":[{"embeddable":true,"href":"https:\/\/www.ofmconv.net\/es\/wp-json\/wp\/v2\/media\/102898"}],"wp:attachment":[{"href":"https:\/\/www.ofmconv.net\/es\/wp-json\/wp\/v2\/media?parent=102881"}],"wp:term":[{"taxonomy":"category","embeddable":true,"href":"https:\/\/www.ofmconv.net\/es\/wp-json\/wp\/v2\/categories?post=102881"},{"taxonomy":"post_tag","embeddable":true,"href":"https:\/\/www.ofmconv.net\/es\/wp-json\/wp\/v2\/tags?post=102881"}],"curies":[{"name":"wp","href":"https:\/\/api.w.org\/{rel}","templated":true}]}}