{"id":102926,"date":"2026-09-04T12:53:32","date_gmt":"2026-09-04T10:53:32","guid":{"rendered":"https:\/\/www.ofmconv.net\/tanzania-celebrato-a-mwanga-il-capitolo-straordinario-della-custodia\/"},"modified":"2026-09-04T13:00:20","modified_gmt":"2026-09-04T11:00:20","slug":"tanzania-celebrato-a-mwanga-il-capitolo-straordinario-della-custodia","status":"publish","type":"post","link":"https:\/\/www.ofmconv.net\/es\/tanzania-celebrato-a-mwanga-il-capitolo-straordinario-della-custodia\/","title":{"rendered":"Tanzania: la Custodia celebra en Mwanga su Cap\u00edtulo extraordinario"},"content":{"rendered":"<p><strong>Del 4 al 6 de agosto de 2026, la Custodia provincial de San Maximiliano M. Kolbe en Tanzania, de la Provincia de la Madre de Dios Inmaculada en Polonia [Varsovia], celebr\u00f3 su Cap\u00edtulo extraordinario en el Convento de San Francisco de As\u00eds, en Mwanga, Tanzania. Los Hermanos de este Convento prestan servicio en el Santuario y Parroquia de la Divina Misericordia. El Cap\u00edtulo fue un momento importante de oraci\u00f3n, di\u00e1logo y discernimiento sobre cuestiones relevantes relacionadas con la vida y la misi\u00f3n de la Custodia.<\/strong><\/p>\n<p>El Cap\u00edtulo reuni\u00f3 a los Hermanos de la Custodia y les brind\u00f3 la oportunidad de convivir, compartir sus experiencias, abordar diversas cuestiones e intercambiar ideas sobre el presente y el futuro de la misi\u00f3n franciscana en Tanzania. Fue tambi\u00e9n una ocasi\u00f3n alegre que fortaleci\u00f3 los lazos de fraternidad entre los Hermanos.<br \/>\nEntre los participantes en el Cap\u00edtulo extraordinario se encontraban Fray David BLOWEY, Asistente general de la <em>Conventual Franciscan Federation<\/em> (CFF), en representaci\u00f3n del Ministro general, Fray Carlos Alberto TROVARELLI, y Fray Blasio Ooko OLENGE, Asistente general de la <em>African Federation of Conventual Franciscans<\/em> (AFCOF), quien no pudo estar presente f\u00edsicamente, ya que se encontraba en Ghana participando en el Cap\u00edtulo ordinario de la Custodia.<br \/>\nEl Cap\u00edtulo cont\u00f3 asimismo con la presencia de Fray Piotr \u017bURKIEWICZ, Ministro provincial de la Provincia de la Madre de Dios Inmaculada en Polonia [Varsovia], y de Fray Denis Dominick KUNAMBI, Custodio de la Custodia provincial de San Maximiliano M. Kolbe en Tanzania, junto con los dem\u00e1s Hermanos de la Custodia.<br \/>\nEn sus palabras de apertura, Fray David anim\u00f3 a los Hermanos a permanecer fieles a su vocaci\u00f3n y a continuar sirviendo a Dios y a Su pueblo como franciscanos. Subray\u00f3 especialmente la importancia de la oraci\u00f3n y la humildad en la vida de cada Hermano. Les record\u00f3 que, aunque cada uno es diferente y puede influir en la vida de las personas de distintas maneras, todos est\u00e1n llamados a permanecer unidos en la Eucarist\u00eda y en su vocaci\u00f3n franciscana.<br \/>\nFray David anim\u00f3 tambi\u00e9n a los Hermanos a permanecer fieles al esp\u00edritu franciscano de ocupar el \u00faltimo lugar, evitando el orgullo y las actitudes que pueden hacerles perder el rumbo en la vida religiosa. Les record\u00f3 la importancia de buscar y discernir continuamente la voluntad de Dios, especialmente al tomar decisiones relacionadas con la vida personal, la vida comunitaria y la misi\u00f3n de la Custodia.<br \/>\nEl Cap\u00edtulo fue, por tanto, mucho m\u00e1s que un momento dedicado a tratar cuestiones administrativas y pastorales: fue tambi\u00e9n una oportunidad de renovaci\u00f3n espiritual. Se anim\u00f3 a los Hermanos a redescubrir su identidad franciscana y a recordar que su misi\u00f3n tiene su ra\u00edz en Cristo, quien los llama a servir con humildad, fraternidad y amor.<br \/>\nEl Cap\u00edtulo concluy\u00f3 con un esp\u00edritu de gratitud y renovado compromiso. Los Hermanos regresaron a sus respectivas comunidades animados a continuar trabajando juntos, apoy\u00e1ndose mutuamente y llevando adelante su misi\u00f3n con fidelidad, de acuerdo con el carisma de San Francisco de As\u00eds y el ejemplo de San Maximiliano Mar\u00eda Kolbe.<br \/>\nLa Custodia da gracias a Dios por este encuentro y pide que los frutos del Cap\u00edtulo contin\u00faen fortaleciendo la unidad, la vocaci\u00f3n, la misi\u00f3n y la identidad franciscana de todos los Hermanos.<\/p>\n<p style=\"text-align: right;\">Fray Eden James MALISA, Secretario custodial.<\/p>\nngg_shortcode_0_placeholder\n","protected":false},"excerpt":{"rendered":"<p>Del 4 al 6 de agosto de 2026, la Custodia provincial de San Maximiliano M. Kolbe en Tanzania, de la Provincia de la Madre de Dios Inmaculada en Polonia [Varsovia], celebr\u00f3 su Cap\u00edtulo extraordinario en el Convento de San Francisco de As\u00eds, en Mwanga, Tanzania. Los Hermanos de este Convento prestan servicio en el Santuario [&hellip;]<\/p>\n","protected":false},"author":1,"featured_media":102922,"comment_status":"closed","ping_status":"open","sticky":false,"template":"","format":"standard","meta":{"ngg_post_thumbnail":0,"footnotes":""},"categories":[99,133,150],"tags":[198,5307,586],"class_list":["post-102926","post","type-post","status-publish","format-standard","has-post-thumbnail","category-afcof-es","category-federaciones","category-noticias","tag-capitulo","tag-mwanga","tag-tanzania-es"],"_links":{"self":[{"href":"https:\/\/www.ofmconv.net\/es\/wp-json\/wp\/v2\/posts\/102926","targetHints":{"allow":["GET"]}}],"collection":[{"href":"https:\/\/www.ofmconv.net\/es\/wp-json\/wp\/v2\/posts"}],"about":[{"href":"https:\/\/www.ofmconv.net\/es\/wp-json\/wp\/v2\/types\/post"}],"author":[{"embeddable":true,"href":"https:\/\/www.ofmconv.net\/es\/wp-json\/wp\/v2\/users\/1"}],"replies":[{"embeddable":true,"href":"https:\/\/www.ofmconv.net\/es\/wp-json\/wp\/v2\/comments?post=102926"}],"version-history":[{"count":1,"href":"https:\/\/www.ofmconv.net\/es\/wp-json\/wp\/v2\/posts\/102926\/revisions"}],"predecessor-version":[{"id":102931,"href":"https:\/\/www.ofmconv.net\/es\/wp-json\/wp\/v2\/posts\/102926\/revisions\/102931"}],"wp:featuredmedia":[{"embeddable":true,"href":"https:\/\/www.ofmconv.net\/es\/wp-json\/wp\/v2\/media\/102922"}],"wp:attachment":[{"href":"https:\/\/www.ofmconv.net\/es\/wp-json\/wp\/v2\/media?parent=102926"}],"wp:term":[{"taxonomy":"category","embeddable":true,"href":"https:\/\/www.ofmconv.net\/es\/wp-json\/wp\/v2\/categories?post=102926"},{"taxonomy":"post_tag","embeddable":true,"href":"https:\/\/www.ofmconv.net\/es\/wp-json\/wp\/v2\/tags?post=102926"}],"curies":[{"name":"wp","href":"https:\/\/api.w.org\/{rel}","templated":true}]}}