{"id":102996,"date":"2026-09-04T14:00:54","date_gmt":"2026-09-04T12:00:54","guid":{"rendered":"https:\/\/www.ofmconv.net\/halaucesti-giubileo-per-i-25-anni-di-vita-consacrata\/"},"modified":"2026-09-04T14:10:05","modified_gmt":"2026-09-04T12:10:05","slug":"halaucesti-giubileo-per-i-25-anni-di-vita-consacrata","status":"publish","type":"post","link":"https:\/\/www.ofmconv.net\/es\/halaucesti-giubileo-per-i-25-anni-di-vita-consacrata\/","title":{"rendered":"H\u0103l\u0103uce\u0219ti: Jubileo de los 25 a\u00f1os de vida consagrada"},"content":{"rendered":"<p><strong>El martes 1 de septiembre de 2026, en la iglesia de la Natividad de la Bienaventurada Virgen Mar\u00eda de H\u0103l\u0103uce\u0219ti, Ruman\u00eda, ocho de los 34 Hermanos que 25 a\u00f1os antes hab\u00edan emitido all\u00ed su Profesi\u00f3n solemne celebraron una Santa Misa de acci\u00f3n de gracias, presidida por el Ministro provincial, Fray Damian-Gheorghe P\u0102TRA\u0218CU, quien estuvo acompa\u00f1ado por los dem\u00e1s sacerdotes de la comunidad.<\/strong><\/p>\n<p>Aquel d\u00eda inolvidable, en el que estos Hermanos, siguiendo la inspiraci\u00f3n de Dios, entregaron su vida a \u00c9l para ponerla al servicio de Dios, de la Iglesia y de los hermanos, culminaba un camino de discernimiento y formaci\u00f3n iniciado varios a\u00f1os antes en las casas de formaci\u00f3n de la Orden, tanto en Ruman\u00eda como en otros pa\u00edses.<br \/>\nAquellos 34 Hermanos compart\u00edan la alegr\u00eda y el entusiasmo de pertenecer a la primera generaci\u00f3n de Hermanos de la Provincia de San Jos\u00e9 Esposo de la B.V.M. en Ruman\u00eda, al comienzo del nuevo milenio. Eran los a\u00f1os en que la Iglesia y la humanidad se adentraban en un nuevo siglo, acompa\u00f1adas por las palabras con las que Cristo invit\u00f3 al ap\u00f3stol Pedro: <em>Duc in altum!<\/em> (\u00abRema mar adentro\u00bb, <em>Lc<\/em> 5,4), expresi\u00f3n que el papa Juan Pablo II pondr\u00eda en el centro de la Carta apost\u00f3lica <em>Novo millennio ineunte<\/em> (2001).<br \/>\nDurante estos 25 a\u00f1os, aquellos 34 Hermanos han \u00abremado mar adentro\u00bb, prestando su servicio en diversas comunidades de la Provincia y de la Orden en distintas partes del mundo, siguiendo el ejemplo de San Francisco de As\u00eds y de los Hermanos que los precedieron.<br \/>\nPor ello, esta celebraci\u00f3n jubilar fue, ante todo, un momento de alabanza y acci\u00f3n de gracias a Dios por el don de la vocaci\u00f3n y de la fidelidad. Durante la Santa Misa se record\u00f3 tambi\u00e9n a los tres Hermanos de aquel grupo de 34 que ya han partido a la casa del Padre, as\u00ed como a Fray Ion CIURARU, Ministro provincial en aquel entonces, que recibi\u00f3 su Profesi\u00f3n, y a los dem\u00e1s formadores y confesores que ya no est\u00e1n entre nosotros.<br \/>\nAsimismo, se pidi\u00f3 la ayuda de Dios, junto con la oraci\u00f3n y el apoyo de los Hermanos y de los fieles, para poder seguir viviendo aquello que prometimos al Se\u00f1or hace 25 a\u00f1os, para Su gloria y la salvaci\u00f3n de nuestras almas, con la misma fe expresada en el himno de nuestra Profesi\u00f3n:<\/p>\n<p><em>\u00abHemos sido llamados al amor,<br \/>\n<\/em><em>tenemos la misma misi\u00f3n:<br \/>\n<\/em><em>construir juntos<br \/>\n<\/em><em>un mundo mejor sobre la tierra\u00bb.<\/em><\/p>\n<p>Expresamos nuestra gratitud a cuantos han contribuido a la organizaci\u00f3n y celebraci\u00f3n de esta fiesta: al Ministro provincial y a los Hermanos de la comunidad de H\u0103l\u0103uce\u0219ti.<\/p>\n<p>\u00a1Que Dios lleve a t\u00e9rmino la buena obra que ha comenzado en nosotros!<\/p>\n<p style=\"text-align: right;\">Los Hermanos que celebran este jubileo.<\/p>\nngg_shortcode_0_placeholder\n","protected":false},"excerpt":{"rendered":"<p>El martes 1 de septiembre de 2026, en la iglesia de la Natividad de la Bienaventurada Virgen Mar\u00eda de H\u0103l\u0103uce\u0219ti, Ruman\u00eda, ocho de los 34 Hermanos que 25 a\u00f1os antes hab\u00edan emitido all\u00ed su Profesi\u00f3n solemne celebraron una Santa Misa de acci\u00f3n de gracias, presidida por el Ministro provincial, Fray Damian-Gheorghe P\u0102TRA\u0218CU, quien estuvo acompa\u00f1ado [&hellip;]<\/p>\n","protected":false},"author":1,"featured_media":102992,"comment_status":"closed","ping_status":"open","sticky":false,"template":"","format":"standard","meta":{"ngg_post_thumbnail":0,"footnotes":""},"categories":[133,116,150],"tags":[5311,1534,210],"class_list":["post-102996","post","type-post","status-publish","format-standard","has-post-thumbnail","category-federaciones","category-fimp-es","category-noticias","tag-halaucesti","tag-jubileo","tag-rumania"],"_links":{"self":[{"href":"https:\/\/www.ofmconv.net\/es\/wp-json\/wp\/v2\/posts\/102996","targetHints":{"allow":["GET"]}}],"collection":[{"href":"https:\/\/www.ofmconv.net\/es\/wp-json\/wp\/v2\/posts"}],"about":[{"href":"https:\/\/www.ofmconv.net\/es\/wp-json\/wp\/v2\/types\/post"}],"author":[{"embeddable":true,"href":"https:\/\/www.ofmconv.net\/es\/wp-json\/wp\/v2\/users\/1"}],"replies":[{"embeddable":true,"href":"https:\/\/www.ofmconv.net\/es\/wp-json\/wp\/v2\/comments?post=102996"}],"version-history":[{"count":2,"href":"https:\/\/www.ofmconv.net\/es\/wp-json\/wp\/v2\/posts\/102996\/revisions"}],"predecessor-version":[{"id":103002,"href":"https:\/\/www.ofmconv.net\/es\/wp-json\/wp\/v2\/posts\/102996\/revisions\/103002"}],"wp:featuredmedia":[{"embeddable":true,"href":"https:\/\/www.ofmconv.net\/es\/wp-json\/wp\/v2\/media\/102992"}],"wp:attachment":[{"href":"https:\/\/www.ofmconv.net\/es\/wp-json\/wp\/v2\/media?parent=102996"}],"wp:term":[{"taxonomy":"category","embeddable":true,"href":"https:\/\/www.ofmconv.net\/es\/wp-json\/wp\/v2\/categories?post=102996"},{"taxonomy":"post_tag","embeddable":true,"href":"https:\/\/www.ofmconv.net\/es\/wp-json\/wp\/v2\/tags?post=102996"}],"curies":[{"name":"wp","href":"https:\/\/api.w.org\/{rel}","templated":true}]}}