{"id":103024,"date":"2026-09-04T14:22:47","date_gmt":"2026-09-04T12:22:47","guid":{"rendered":"https:\/\/www.ofmconv.net\/progetto-n-41-2026-emergenza-umanitaria-a-seguito-del-sisma-in-colombia\/"},"modified":"2026-09-04T14:30:46","modified_gmt":"2026-09-04T12:30:46","slug":"progetto-n-41-2026-emergenza-umanitaria-a-seguito-del-sisma-in-colombia","status":"publish","type":"post","link":"https:\/\/www.ofmconv.net\/es\/progetto-n-41-2026-emergenza-umanitaria-a-seguito-del-sisma-in-colombia\/","title":{"rendered":"Proyecto n. 41\/2026 \u2013 Emergencia humanitaria tras el terremoto en Colombia"},"content":{"rendered":"<h3><strong>Proyecto n. 41\/2026 \u2013<br \/>\nEmergencia humanitaria tras el terremoto<br \/>\nen Colombia<\/strong><\/h3>\n<p>La Custodia provincial de San Francisco de As\u00eds en Colombia de la Orden de los Hermanos Menores Conventuales presenta el <strong>Proyecto n. 41\/2026<\/strong>, titulado <strong>\u00abAy\u00fadanos a ayudar: solicitud urgente de ayuda humanitaria para las personas afectadas por el terremoto\u00bb<\/strong>, promovido para apoyar a las familias m\u00e1s afectadas por el fuerte terremoto que sacudi\u00f3 Colombia el 10 de agosto de 2026.<\/p>\n<p>El terremoto, de magnitud 7,4, caus\u00f3 331 v\u00edctimas y graves da\u00f1os en la parte occidental del pa\u00eds. Los Hermanos est\u00e1n presentes en Filandia, en el departamento del Quind\u00edo, municipio que forma parte del denominado \u00abEje Cafetero\u00bb, una de las zonas m\u00e1s afectadas por el terremoto. La situaci\u00f3n de muchos campesinos es especialmente grave: varios de ellos lo han perdido todo y, 16 d\u00edas despu\u00e9s del terremoto, contin\u00faan viviendo al aire libre o durmiendo en refugios improvisados.<br \/>\nDesde el momento de la tragedia, los cuatro Hermanos que atienden la parroquia de la Inmaculada Concepci\u00f3n de Filandia se han dedicado incansablemente a asistir a las personas afectadas, llevando alimentos y medicinas a los campesinos de las zonas damnificadas, gracias a lo recaudado a trav\u00e9s de la pastoral social parroquial.<br \/>\nPara responder a las necesidades m\u00e1s urgentes, la Custodia de San Francisco de As\u00eds en Colombia ha puesto en marcha la campa\u00f1a \u00abAy\u00fadanos a ayudar\u00bb, con el objetivo de recaudar fondos para contribuir a la reconstrucci\u00f3n de los tejados de las viviendas de las familias m\u00e1s desfavorecidas del territorio parroquial confiado a los Hermanos, que dif\u00edcilmente podr\u00e1n recibir ayudas del Gobierno.<br \/>\nLos fondos recaudados se destinan a la adquisici\u00f3n de los materiales necesarios para la reconstrucci\u00f3n de los tejados, entre ellos madera, l\u00e1minas de zinc, Eternit, tejas, lonas de pl\u00e1stico, cables de fijaci\u00f3n, ladrillos, cemento y otros materiales. Los Hermanos tambi\u00e9n est\u00e1n animando a los fieles, en los distintos lugares donde est\u00e1n presentes, a realizar sus donaciones y est\u00e1n organizando actividades con los formandos para recaudar fondos.<br \/>\nTodo lo recaudado se deposita en una cuenta bancaria de la Custodia; la Econom\u00eda de la Custodia se encarga del pago de los materiales y, en Filandia, los Hermanos se ocupan de transportarlos hasta las familias afectadas, con el apoyo de la Polic\u00eda Nacional del municipio y de los voluntarios de la parroquia. Con este gesto de solidaridad, los Hermanos ayudan a un peque\u00f1o n\u00famero de personas desplazadas y buscan aliviar el dolor de algunas de las personas que hoy sufren las consecuencias de esta tragedia.<br \/>\nTambi\u00e9n se presta una atenci\u00f3n especial a las familias de dos formandos, residentes en las zonas m\u00e1s afectadas, que lo han perdido todo a causa del terremoto. Para ayudarlas, los Hermanos est\u00e1n actuando con recursos propios de la Custodia, as\u00ed como con el apoyo de algunas Jurisdicciones de la Orden. La Provincia de Espa\u00f1a ha contribuido con 15.000 \u20ac, mientras que la Provincia de M\u00e9xico ha puesto a disposici\u00f3n 3.000 USD.<br \/>\nEl objetivo de esta iniciativa es apoyar a las familias afectadas por el terremoto mediante la recaudaci\u00f3n de fondos para adquirir los materiales necesarios para la reconstrucci\u00f3n de los tejados y mediante la ayuda concreta que los Hermanos ofrecen a las personas afectadas por la tragedia.<\/p>\n<hr>\n<p><strong><u>Datos informativos del proyecto<\/u><\/strong><\/p>\n<ul>\n<li><strong>Jurisdicci\u00f3n OFMConv:<\/strong> Custodia provincial San Francisco de As\u00eds<\/li>\n<li><strong>Pa\u00eds:<\/strong> Colombia<\/li>\n<li><strong>Localidad:<\/strong> Filandia, en el departamento del Quind\u00edo<\/li>\n<li><strong>Tipolog\u00eda del proyecto:<\/strong> Emergencia humanitaria<\/li>\n<li><strong>Fecha de presentaci\u00f3n:<\/strong> 26 de agosto de 2026<\/li>\n<li><strong>Responsable directo del proyecto:<\/strong>\n<ul>\n<li>Fray Sidifredo de la Cruz CHAPARRO GUALDR\u00d3N<\/li>\n<\/ul>\n<\/li>\n<li><strong>Financiaci\u00f3n:<\/strong>\n<ul>\n<li>\u20ac 15.000,00 \u2013 Provincia de Espa\u00f1a<\/li>\n<li>3.000 USD \u2013 Provincia de M\u00e9xico<\/li>\n<\/ul>\n<\/li>\n<li><strong>Fondo umanitario: <\/strong>campa\u00f1a de recaudaci\u00f3n de fondos abierta<\/li>\n<li><strong>Destino de las donaciones:<\/strong> adquisici\u00f3n de los materiales necesarios para las intervenciones de reconstrucci\u00f3n de los tejados de las viviendas de las familias m\u00e1s desfavorecidas afectadas por el terremoto y apoyo a las actividades de asistencia realizadas por los Hermanos.<\/li>\n<\/ul>\n<hr>\n<p><strong><u>Modalidades de apoyo al proyecto<\/u><\/strong><\/p>\n<p>Es posible apoyar el&nbsp;<strong>Proyecto n. 41\/2026 \u2013 \u00abAy\u00fadanos a ayudar: solicitud urgente de ayuda humanitaria para las personas afectadas por el terremoto\u00bb<\/strong>&nbsp;mediante una contribuci\u00f3n econ\u00f3mica, indicando en el concepto de la transferencia el n\u00famero y el t\u00edtulo del proyecto.<\/p>\n<ul>\n<li><strong>Titular de la cuenta:<\/strong> CURIA GENERALIZIA DEI FRATI MINORI CONVENTUALI<\/li>\n<li><strong>Banco: <\/strong>UniCredit S.p.A.<\/li>\n<li><strong>IBAN:<\/strong> IT66B0200805074000005259514<\/li>\n<li><strong>BIC \/ SWIFT:<\/strong> UNCRITM1Y82<\/li>\n<li><strong>Concepto:<\/strong> Proyecto n. 41\/2026 \u2013 Emergencia humanitaria tras el terremoto en Colombia<\/li>\n<\/ul>\n<hr>\n<div style=\"background-color: yellow; padding: 20px;\"><strong>Si alguna persona, entidad o Provincia de la Orden de Hermanos Menores Conventuales desea contribuir con un apoyo econ\u00f3mico, ya sea parcial o cubriendo el costo total del proyecto, o si requiere informaci\u00f3n adicional o alguna aclaraci\u00f3n, puede ponerse en contacto con la Oficina de Proyectos en la persona de su responsable, Fray Valerio FOLLI, en la direcci\u00f3n <a href=\"mailto:pro@ofmconv.net\">pro@ofmconv.net<\/a><\/strong><strong>.<\/strong><\/div>\n<p style=\"text-align: right;\">Oficina de Proyectos.<\/p>\n<hr>\n<p><strong><u>Nota informativa sobre las donaciones<\/u><\/strong><\/p>\n<p>Las coordenadas bancarias indicadas se ponen a disposici\u00f3n exclusivamente para apoyar, mediante contribuciones voluntarias, los proyectos promovidos por la Orden de los Frailes Menores Conventuales.<br \/>\nLa comunicaci\u00f3n del IBAN permite \u00fanicamente la realizaci\u00f3n de ingresos y no autoriza en modo alguno operaciones de retiro o acceso a la cuenta.<br \/>\nSe invita a especificar en el concepto el n\u00famero y el t\u00edtulo del proyecto apoyado, a fin de favorecer una correcta destinaci\u00f3n de las contribuciones y una gesti\u00f3n transparente de los recursos.<br \/>\nCada donaci\u00f3n es acogida como un signo de participaci\u00f3n y corresponsabilidad en la misi\u00f3n de la Orden; eventuales usos de las coordenadas bancarias fuera de los canales oficiales no son imputables a la propia Orden.<\/p>\n<hr>\nngg_shortcode_0_placeholder\n","protected":false},"excerpt":{"rendered":"<p>Proyecto n. 41\/2026 \u2013 Emergencia humanitaria tras el terremoto en Colombia La Custodia provincial de San Francisco de As\u00eds en Colombia de la Orden de los Hermanos Menores Conventuales presenta el Proyecto n. 41\/2026, titulado \u00abAy\u00fadanos a ayudar: solicitud urgente de ayuda humanitaria para las personas afectadas por el terremoto\u00bb, promovido para apoyar a las [&hellip;]<\/p>\n","protected":false},"author":1,"featured_media":103020,"comment_status":"closed","ping_status":"open","sticky":false,"template":"","format":"standard","meta":{"ngg_post_thumbnail":0,"footnotes":""},"categories":[5259,150,5008,136],"tags":[1601],"class_list":["post-103024","post","type-post","status-publish","format-standard","has-post-thumbnail","category-en-curso","category-noticias","category-oficina-de-proyectos","category-oficinas-generales","tag-colombia-es"],"_links":{"self":[{"href":"https:\/\/www.ofmconv.net\/es\/wp-json\/wp\/v2\/posts\/103024","targetHints":{"allow":["GET"]}}],"collection":[{"href":"https:\/\/www.ofmconv.net\/es\/wp-json\/wp\/v2\/posts"}],"about":[{"href":"https:\/\/www.ofmconv.net\/es\/wp-json\/wp\/v2\/types\/post"}],"author":[{"embeddable":true,"href":"https:\/\/www.ofmconv.net\/es\/wp-json\/wp\/v2\/users\/1"}],"replies":[{"embeddable":true,"href":"https:\/\/www.ofmconv.net\/es\/wp-json\/wp\/v2\/comments?post=103024"}],"version-history":[{"count":2,"href":"https:\/\/www.ofmconv.net\/es\/wp-json\/wp\/v2\/posts\/103024\/revisions"}],"predecessor-version":[{"id":103030,"href":"https:\/\/www.ofmconv.net\/es\/wp-json\/wp\/v2\/posts\/103024\/revisions\/103030"}],"wp:featuredmedia":[{"embeddable":true,"href":"https:\/\/www.ofmconv.net\/es\/wp-json\/wp\/v2\/media\/103020"}],"wp:attachment":[{"href":"https:\/\/www.ofmconv.net\/es\/wp-json\/wp\/v2\/media?parent=103024"}],"wp:term":[{"taxonomy":"category","embeddable":true,"href":"https:\/\/www.ofmconv.net\/es\/wp-json\/wp\/v2\/categories?post=103024"},{"taxonomy":"post_tag","embeddable":true,"href":"https:\/\/www.ofmconv.net\/es\/wp-json\/wp\/v2\/tags?post=103024"}],"curies":[{"name":"wp","href":"https:\/\/api.w.org\/{rel}","templated":true}]}}