{"id":103039,"date":"2026-09-04T14:34:47","date_gmt":"2026-09-04T12:34:47","guid":{"rendered":"https:\/\/www.ofmconv.net\/nove-intorno-a-uno-una-novena-dei-compagni-per-lottavo-centenario-del-transito\/"},"modified":"2026-09-04T14:50:39","modified_gmt":"2026-09-04T12:50:39","slug":"nove-intorno-a-uno-una-novena-dei-compagni-per-lottavo-centenario-del-transito","status":"publish","type":"post","link":"https:\/\/www.ofmconv.net\/es\/nove-intorno-a-uno-una-novena-dei-compagni-per-lottavo-centenario-del-transito\/","title":{"rendered":"\u00abNueve en torno a Uno\u00bb: una novena de los \u201ccompa\u00f1eros\u201d para el octavo Centenario del Tr\u00e1nsito"},"content":{"rendered":"<p><strong>Del 25 de septiembre al 3 de octubre de 2026, se propone vivir nueve noches de oraci\u00f3n que culminan en la noche en que muri\u00f3 Francisco, hace ochocientos a\u00f1os. Esta novena puede rezarse en una iglesia, en la capilla de una comunidad religiosa o alrededor de la mesa del comedor o de la cocina.<\/strong><\/p>\n<p><strong>Nueve en torno a Uno: una novena de los compa\u00f1eros<\/strong> ya est\u00e1 disponible en ingl\u00e9s, espa\u00f1ol, italiano y polaco en la p\u00e1gina de Recursos de FranciscanVoice.org y en VozFranciscana.org. Se han preparado dos cuadernillos. El primero es una <a href=\"https:\/\/franciscanvoice.org\/wp-content\/uploads\/2026\/09\/Nueve-en-Torno-a-Uno_Libro-de-quien-guia-rev.pdf\">gu\u00eda para quien dirige la novena<\/a>, con los textos completos, de modo que no tenga que buscar nada durante la celebraci\u00f3n. El segundo es un <a href=\"https:\/\/franciscanvoice.org\/wp-content\/uploads\/2026\/08\/Nueve-en-Torno-a-Uno_Subsidio-para-la-asamblea.pdf\">subsidio para los participantes<\/a>: nueve hojas, una para cada noche, impresas por ambas caras. No aparece en ellas ning\u00fan d\u00eda de la semana, de manera que pueden reutilizarse cada a\u00f1o.<\/p>\n<p><strong>Una novena de duelo.<br \/>\n<\/strong>Las novenas no nacieron como preparaci\u00f3n para una fiesta. Surgieron como expresi\u00f3n de duelo: nueve d\u00edas durante los cuales la Iglesia ha acompa\u00f1ado siempre a sus difuntos y que todav\u00eda hoy observa con ocasi\u00f3n de la muerte de un Papa. Este a\u00f1o, ese sentido m\u00e1s antiguo orienta nuestra <em>Novena de los compa\u00f1eros<\/em>. La novena culmina en la noche en que muri\u00f3 Francisco de As\u00eds, y su fiesta se celebra a la ma\u00f1ana siguiente. As\u00ed, en estas mismas nueve noches, hacemos memoria de su muerte y nos preparamos al mismo tiempo para la fiesta. Esta novena no sustituye la celebraci\u00f3n del Tr\u00e1nsito, sino que ofrece una posibilidad a quienes no pueden participar en ella.<\/p>\n<p><strong>Nueve enterrados junto a \u00e9l.<br \/>\n<\/strong>En esta novena, cada noche toma la palabra uno de los compa\u00f1eros de Francisco: Silvestre, Bernardo de Quintaval, do\u00f1a Jacoba, Maseo, Guillermo de Inglaterra, \u00c1ngel Tancredi, Juan de Inglaterra, Rufino y Le\u00f3n. Todos ellos est\u00e1n enterrados cerca de la tumba de Francisco, ya sea en la cripta o en sus inmediaciones, en la iglesia inferior de la Bas\u00edlica Papal de San Francisco de As\u00eds.<\/p>\n<p><strong>La oraci\u00f3n.<br \/>\n<\/strong>Cada noche de esta novena sigue los cuatro movimientos de la oraci\u00f3n que Clara propuso a In\u00e9s de Praga: miramos escuchando a uno de los compa\u00f1eros; consideramos acogiendo una palabra de la doctrina social de la Iglesia; contemplamos permaneciendo ante la Escritura y en el silencio que la sigue; e imitamos llev\u00e1ndonos algo peque\u00f1o para poner en pr\u00e1ctica antes de volver a encontrarnos.<br \/>\nAdem\u00e1s, se a\u00f1ade un vers\u00edculo del <em>C\u00e1ntico<\/em>, siguiendo el orden en que Francisco lo escribi\u00f3, hasta que, en la novena noche, la asamblea tiene ante s\u00ed el poema completo para cantarlo, tal como fue cantado para Francisco en el momento de su Tr\u00e1nsito.<\/p>\n<p style=\"text-align: right;\">Fray Michael LASKY,<br \/>\nDelegado general para Justicia, Paz e Integridad de la Creaci\u00f3n.<\/p>\n","protected":false},"excerpt":{"rendered":"<p>Del 25 de septiembre al 3 de octubre de 2026, se propone vivir nueve noches de oraci\u00f3n que culminan en la noche en que muri\u00f3 Francisco, hace ochocientos a\u00f1os. Esta novena puede rezarse en una iglesia, en la capilla de una comunidad religiosa o alrededor de la mesa del comedor o de la cocina. Nueve [&hellip;]<\/p>\n","protected":false},"author":1,"featured_media":103035,"comment_status":"closed","ping_status":"open","sticky":false,"template":"","format":"standard","meta":{"ngg_post_thumbnail":0,"footnotes":""},"categories":[121,150,136],"tags":[2301],"class_list":["post-103039","post","type-post","status-publish","format-standard","has-post-thumbnail","category-gpic-es","category-noticias","category-oficinas-generales","tag-centenario-franciscano"],"_links":{"self":[{"href":"https:\/\/www.ofmconv.net\/es\/wp-json\/wp\/v2\/posts\/103039","targetHints":{"allow":["GET"]}}],"collection":[{"href":"https:\/\/www.ofmconv.net\/es\/wp-json\/wp\/v2\/posts"}],"about":[{"href":"https:\/\/www.ofmconv.net\/es\/wp-json\/wp\/v2\/types\/post"}],"author":[{"embeddable":true,"href":"https:\/\/www.ofmconv.net\/es\/wp-json\/wp\/v2\/users\/1"}],"replies":[{"embeddable":true,"href":"https:\/\/www.ofmconv.net\/es\/wp-json\/wp\/v2\/comments?post=103039"}],"version-history":[{"count":1,"href":"https:\/\/www.ofmconv.net\/es\/wp-json\/wp\/v2\/posts\/103039\/revisions"}],"predecessor-version":[{"id":103044,"href":"https:\/\/www.ofmconv.net\/es\/wp-json\/wp\/v2\/posts\/103039\/revisions\/103044"}],"wp:featuredmedia":[{"embeddable":true,"href":"https:\/\/www.ofmconv.net\/es\/wp-json\/wp\/v2\/media\/103035"}],"wp:attachment":[{"href":"https:\/\/www.ofmconv.net\/es\/wp-json\/wp\/v2\/media?parent=103039"}],"wp:term":[{"taxonomy":"category","embeddable":true,"href":"https:\/\/www.ofmconv.net\/es\/wp-json\/wp\/v2\/categories?post=103039"},{"taxonomy":"post_tag","embeddable":true,"href":"https:\/\/www.ofmconv.net\/es\/wp-json\/wp\/v2\/tags?post=103039"}],"curies":[{"name":"wp","href":"https:\/\/api.w.org\/{rel}","templated":true}]}}