{"id":10710,"date":"2018-10-22T13:34:41","date_gmt":"2018-10-22T11:34:41","guid":{"rendered":"https:\/\/ofmconv.net\/giappone-animazione-dei-frati\/"},"modified":"2018-10-22T13:47:16","modified_gmt":"2018-10-22T11:47:16","slug":"giappone-animazione-dei-frati","status":"publish","type":"post","link":"https:\/\/www.ofmconv.net\/es\/giappone-animazione-dei-frati\/","title":{"rendered":"Jap\u00f3n: animaci\u00f3n de los frailes"},"content":{"rendered":"<p><strong>Del 16 al 20 de octubre 2018, el Delegado general de Justicia, paz e integridad de la creaci\u00f3n (GPIC) y el Secretario general para la animaci\u00f3n misionera (SGAM) han organizado algunos encuentros sobre la misi\u00f3n, en la Provincia de la Inmaculada Concepci\u00f3n de la B.V.M. en Jap\u00f3n.<\/strong><\/p>\n<p>La animaci\u00f3n se ha llevado a cabo en las fraternidades de Nagasaki y Tokio, dos ambientes de silencio y recogimiento que han favorecido la escucha de la Palabra de Dios y de los hermanos, en un clima de profunda comuni\u00f3n en esta parte del mundo.<br \/>\nFray Joseph BLAY (GPIC) y Fray Jaros\u0142aw WYSOCZA\u0143SKI (SGAM) han realizado dos encuentros comunitarios en los cuales han participado aproximadamente 15 hermanos de la Provincia. La animaci\u00f3n se centr\u00f3 en cuestiones relacionadas con la espiritualidad misionera, sobre los documentos del Papa FRANCISCO \u00abEvangelii gaudium\u00bb y \u00abLaudato sii\u00bb, sobre <a href=\"\/lettere-del-ministro-generale\/?lang=es\">la carta del Ministro general Fray Marco TASCA \u00abCrear unidad en la misi\u00f3n\u00bb<\/a>, sobre la situaci\u00f3n misionera en nuestra Orden y sobre temas de Justicia, paz e integridad de la creaci\u00f3n.<br \/>\nNo faltaron momentos para compartir la experiencia pastoral en Per\u00fa, en referencia a la vida, martirio y beatificaci\u00f3n de los hermanos Miguel TOMASZEK y Zbigniew STRZA\u0141KOWSKI.<br \/>\nEn el \u00faltimo d\u00eda de la visita, los convocados se reunieron alrededor del altar para la celebraci\u00f3n de la Eucarist\u00eda, pidiendo por todas nuestras misiones.<\/p>\n<p style=\"text-align: right;\">Fray Jaros\u0142aw WYSOCZA\u0143SKI, Secretario general SGAM<\/p>\nngg_shortcode_0_placeholder\n<p>&nbsp;<\/p>\n","protected":false},"excerpt":{"rendered":"<p>Del 16 al 20 de octubre 2018, el Delegado general de Justicia, paz e integridad de la creaci\u00f3n (GPIC) y el Secretario general para la animaci\u00f3n misionera (SGAM) han organizado algunos encuentros sobre la misi\u00f3n, en la Provincia de la Inmaculada Concepci\u00f3n de la B.V.M. en Jap\u00f3n. La animaci\u00f3n se ha llevado a cabo en [&hellip;]<\/p>\n","protected":false},"author":1,"featured_media":10701,"comment_status":"closed","ping_status":"open","sticky":false,"template":"","format":"standard","meta":{"ngg_post_thumbnail":0,"footnotes":""},"categories":[121,150,136,128],"tags":[715,968,969],"class_list":["post-10710","post","type-post","status-publish","format-standard","has-post-thumbnail","category-gpic-es","category-noticias","category-oficinas-generales","category-sgam-es","tag-animacion-misionera","tag-giappone-es","tag-japon"],"_links":{"self":[{"href":"https:\/\/www.ofmconv.net\/es\/wp-json\/wp\/v2\/posts\/10710","targetHints":{"allow":["GET"]}}],"collection":[{"href":"https:\/\/www.ofmconv.net\/es\/wp-json\/wp\/v2\/posts"}],"about":[{"href":"https:\/\/www.ofmconv.net\/es\/wp-json\/wp\/v2\/types\/post"}],"author":[{"embeddable":true,"href":"https:\/\/www.ofmconv.net\/es\/wp-json\/wp\/v2\/users\/1"}],"replies":[{"embeddable":true,"href":"https:\/\/www.ofmconv.net\/es\/wp-json\/wp\/v2\/comments?post=10710"}],"version-history":[{"count":0,"href":"https:\/\/www.ofmconv.net\/es\/wp-json\/wp\/v2\/posts\/10710\/revisions"}],"wp:featuredmedia":[{"embeddable":true,"href":"https:\/\/www.ofmconv.net\/es\/wp-json\/wp\/v2\/media\/10701"}],"wp:attachment":[{"href":"https:\/\/www.ofmconv.net\/es\/wp-json\/wp\/v2\/media?parent=10710"}],"wp:term":[{"taxonomy":"category","embeddable":true,"href":"https:\/\/www.ofmconv.net\/es\/wp-json\/wp\/v2\/categories?post=10710"},{"taxonomy":"post_tag","embeddable":true,"href":"https:\/\/www.ofmconv.net\/es\/wp-json\/wp\/v2\/tags?post=10710"}],"curies":[{"name":"wp","href":"https:\/\/api.w.org\/{rel}","templated":true}]}}