{"id":11155,"date":"2018-10-29T18:55:14","date_gmt":"2018-10-29T17:55:14","guid":{"rendered":"https:\/\/ofmconv.net\/libano-e-turchia-animazione-missionaria\/"},"modified":"2018-10-29T19:02:04","modified_gmt":"2018-10-29T18:02:04","slug":"libano-e-turchia-animazione-missionaria","status":"publish","type":"post","link":"https:\/\/www.ofmconv.net\/es\/libano-e-turchia-animazione-missionaria\/","title":{"rendered":"L\u00edbano y Turqu\u00eda: animaci\u00f3n misionera"},"content":{"rendered":"<p><strong>Del 24 al 28 de octubre 2018, el Secretario general para la animaci\u00f3n misionera (SGAM) ha visitado las fraternidades conventuales del L\u00edbano y Turqu\u00eda.<\/strong><\/p>\n<p>Fray Jaros\u0142aw WYSOCZA\u0143SKI se ha centrado en cuestiones al respecto del proyecto formativo \u201cMisi\u00f3n juntos\u201d, sobre la espiritualidad misionera y sobre la situaci\u00f3n misionera de los Frailes Menores Conventuales. No faltaron momentos de convivencia y di\u00e1logo acerca de los \u00faltimos Beatos de la Orden, es decir Fray Miguel TOMASZEK y Fray Zbigniew STRZA\u0141KOWSKI.<br \/>\nDespu\u00e9s realiz\u00f3 la visita a las diversas fraternidades: Beirut \u2013 L\u00edbano, donde actualmente viven siete hermanos; Zahle \u2013 L\u00edbano, comunidad formativa, centro vocacional y postulantado, donde est\u00e1n dos frailes y un candidato; Estambul \u2013 Turqu\u00eda, donde laboran siete hermanos.<br \/>\nLos conventuales en L\u00edbano y Turqu\u00eda llevan adelante varias iniciativas: laboran con ancianos y j\u00f3venes en \u00e1mbito de di\u00e1logo interreligioso, tambi\u00e9n ofrecen ayuda a los pobres y refugiados. Nuestras iglesias reciben a los fieles para la oraci\u00f3n de cada d\u00eda y ofrecen servicio pastoral a varios grupos. Adem\u00e1s, est\u00e1n poniendo los s\u00f3lidos fundamentos sobre los cuales se pueda construir una sociedad inclusiva, plural y democr\u00e1tica. Invierten en la cultura a trav\u00e9s del encuentro con el otro, abriendo caminos de paz y acogida, sin excluir nunca a ninguno.<br \/>\nEl 28 de octubre en Estambul y Adampol (Turqu\u00eda), junto con la Iglesia universal, se tuvo la oraci\u00f3n por los cristianos perseguidos.<\/p>\n<p style=\"text-align: right;\">Fray Jaros\u0142aw WYSOCZA\u0143SKI, Secretario general SGAM<\/p>\nngg_shortcode_0_placeholder\n","protected":false},"excerpt":{"rendered":"<p>Del 24 al 28 de octubre 2018, el Secretario general para la animaci\u00f3n misionera (SGAM) ha visitado las fraternidades conventuales del L\u00edbano y Turqu\u00eda. Fray Jaros\u0142aw WYSOCZA\u0143SKI se ha centrado en cuestiones al respecto del proyecto formativo \u201cMisi\u00f3n juntos\u201d, sobre la espiritualidad misionera y sobre la situaci\u00f3n misionera de los Frailes Menores Conventuales. No faltaron [&hellip;]<\/p>\n","protected":false},"author":1,"featured_media":11147,"comment_status":"closed","ping_status":"open","sticky":false,"template":"","format":"standard","meta":{"ngg_post_thumbnail":0,"footnotes":""},"categories":[150,136,128],"tags":[715,383,1729,1596,1352],"class_list":["post-11155","post","type-post","status-publish","format-standard","has-post-thumbnail","category-noticias","category-oficinas-generales","category-sgam-es","tag-animacion-misionera","tag-libano","tag-libano-es-2","tag-turchia-es","tag-turquia"],"_links":{"self":[{"href":"https:\/\/www.ofmconv.net\/es\/wp-json\/wp\/v2\/posts\/11155","targetHints":{"allow":["GET"]}}],"collection":[{"href":"https:\/\/www.ofmconv.net\/es\/wp-json\/wp\/v2\/posts"}],"about":[{"href":"https:\/\/www.ofmconv.net\/es\/wp-json\/wp\/v2\/types\/post"}],"author":[{"embeddable":true,"href":"https:\/\/www.ofmconv.net\/es\/wp-json\/wp\/v2\/users\/1"}],"replies":[{"embeddable":true,"href":"https:\/\/www.ofmconv.net\/es\/wp-json\/wp\/v2\/comments?post=11155"}],"version-history":[{"count":0,"href":"https:\/\/www.ofmconv.net\/es\/wp-json\/wp\/v2\/posts\/11155\/revisions"}],"wp:featuredmedia":[{"embeddable":true,"href":"https:\/\/www.ofmconv.net\/es\/wp-json\/wp\/v2\/media\/11147"}],"wp:attachment":[{"href":"https:\/\/www.ofmconv.net\/es\/wp-json\/wp\/v2\/media?parent=11155"}],"wp:term":[{"taxonomy":"category","embeddable":true,"href":"https:\/\/www.ofmconv.net\/es\/wp-json\/wp\/v2\/categories?post=11155"},{"taxonomy":"post_tag","embeddable":true,"href":"https:\/\/www.ofmconv.net\/es\/wp-json\/wp\/v2\/tags?post=11155"}],"curies":[{"name":"wp","href":"https:\/\/api.w.org\/{rel}","templated":true}]}}