{"id":11212,"date":"2018-10-30T09:42:34","date_gmt":"2018-10-30T08:42:34","guid":{"rendered":"https:\/\/ofmconv.net\/roma-busto-di-papa-giovanni-paolo-ii-ai-xii-apostoli\/"},"modified":"2018-10-30T09:54:13","modified_gmt":"2018-10-30T08:54:13","slug":"roma-busto-di-papa-giovanni-paolo-ii-ai-xii-apostoli","status":"publish","type":"post","link":"https:\/\/www.ofmconv.net\/es\/roma-busto-di-papa-giovanni-paolo-ii-ai-xii-apostoli\/","title":{"rendered":"Roma: busto del Papa Juan Pablo II en los XII Ap\u00f3stoles"},"content":{"rendered":"<p><strong>El 27 de octubre 2018 a las 18:30 hrs. en la Bas\u00edlica de los Santos XII Ap\u00f3stoles en Roma, con ocasi\u00f3n del 40\u00ba aniversario de la elecci\u00f3n del Papa JUAN PABLO II y la inauguraci\u00f3n de su Pontificado, se ha tenido una Celebraci\u00f3n Eucar\u00edstica presidida por Su Eminencia el Cardenal Giovanni Battista RE.<\/strong><\/p>\n<p>En la celebraci\u00f3n, donde han participado las autoridades diplom\u00e1ticas polacas de la Santa Sede, los sacerdotes encargados en la Curia Romana, los Frailes Menores Conventuales provenientes de diversos conventos de Roma, numerosas religiosas polacas junto con fieles laicos, ha sido bendecido un busto de Juan Pablo II, donado por el artista polaco el sr. Tomasz SOBISZ, escultor y profesor de la Academia de Bellas Artes en Gdansk \u2013 Polonia.<br \/>\nEl Card. RE en su apasionado testimonio personal, ha subrayado las caracter\u00edsticas originales de San JUAN PABLO II, perfectamente plasmadas por el artista: ser un hombre de Dios que logr\u00f3 despertar en el mundo el sentido religioso; la profundidad e intensidad de su uni\u00f3n con Dios, de su oraci\u00f3n, llamada por \u00e9l mismo \u201ctarea primaria de un Papa\u201d; la dimensi\u00f3n m\u00edstica de la consagraci\u00f3n de su pontificado, de sus sufrimientos y de su discernimiento siempre en la Providencia de Dios.<br \/>\nAl t\u00e9rmino de la celebraci\u00f3n fueron entregados unos bajo relieves en recuerdo del centenario de la Ordenaci\u00f3n sacerdotal de San Maximiliano M. KOLBE (1918-2018); las obras est\u00e1n destinadas a la iglesia Rector\u00eda <em>Sant\u2019Andrea della Valle<\/em>, a la Parroquia <em>Sant\u2019Andrea delle Fratte<\/em>, al convento de San Maximiliano M. Kolbe y al convento de los Ss. XII Ap\u00f3stoles.<br \/>\nDespu\u00e9s de la celebraci\u00f3n tuvo lugar un buffet en el Sal\u00f3n de la Inmaculada.<\/p>\n<p style=\"text-align: right;\">Fr. Robert LE\u017bOHUPSKI<\/p>\nngg_shortcode_0_placeholder\n<p>&nbsp;<\/p>\n","protected":false},"excerpt":{"rendered":"<p>El 27 de octubre 2018 a las 18:30 hrs. en la Bas\u00edlica de los Santos XII Ap\u00f3stoles en Roma, con ocasi\u00f3n del 40\u00ba aniversario de la elecci\u00f3n del Papa JUAN PABLO II y la inauguraci\u00f3n de su Pontificado, se ha tenido una Celebraci\u00f3n Eucar\u00edstica presidida por Su Eminencia el Cardenal Giovanni Battista RE. En la [&hellip;]<\/p>\n","protected":false},"author":1,"featured_media":11203,"comment_status":"closed","ping_status":"open","sticky":false,"template":"","format":"standard","meta":{"ngg_post_thumbnail":0,"footnotes":""},"categories":[150,146],"tags":[339,941,1357],"class_list":["post-11212","post","type-post","status-publish","format-standard","has-post-thumbnail","category-noticias","category-ufficio-comunicazioni-es","tag-casas-generalicias","tag-roma-es","tag-ss-xii-apostoles"],"_links":{"self":[{"href":"https:\/\/www.ofmconv.net\/es\/wp-json\/wp\/v2\/posts\/11212","targetHints":{"allow":["GET"]}}],"collection":[{"href":"https:\/\/www.ofmconv.net\/es\/wp-json\/wp\/v2\/posts"}],"about":[{"href":"https:\/\/www.ofmconv.net\/es\/wp-json\/wp\/v2\/types\/post"}],"author":[{"embeddable":true,"href":"https:\/\/www.ofmconv.net\/es\/wp-json\/wp\/v2\/users\/1"}],"replies":[{"embeddable":true,"href":"https:\/\/www.ofmconv.net\/es\/wp-json\/wp\/v2\/comments?post=11212"}],"version-history":[{"count":0,"href":"https:\/\/www.ofmconv.net\/es\/wp-json\/wp\/v2\/posts\/11212\/revisions"}],"wp:featuredmedia":[{"embeddable":true,"href":"https:\/\/www.ofmconv.net\/es\/wp-json\/wp\/v2\/media\/11203"}],"wp:attachment":[{"href":"https:\/\/www.ofmconv.net\/es\/wp-json\/wp\/v2\/media?parent=11212"}],"wp:term":[{"taxonomy":"category","embeddable":true,"href":"https:\/\/www.ofmconv.net\/es\/wp-json\/wp\/v2\/categories?post=11212"},{"taxonomy":"post_tag","embeddable":true,"href":"https:\/\/www.ofmconv.net\/es\/wp-json\/wp\/v2\/tags?post=11212"}],"curies":[{"name":"wp","href":"https:\/\/api.w.org\/{rel}","templated":true}]}}