{"id":12862,"date":"2018-12-31T15:49:56","date_gmt":"2018-12-31T14:49:56","guid":{"rendered":"https:\/\/ofmconv.net\/castrovillari-iv-centenario-della-morte-di-fra-gesualdi\/"},"modified":"2019-01-02T17:57:22","modified_gmt":"2019-01-02T16:57:22","slug":"castrovillari-iv-centenario-della-morte-di-fra-gesualdi","status":"publish","type":"post","link":"https:\/\/www.ofmconv.net\/es\/castrovillari-iv-centenario-della-morte-di-fra-gesualdi\/","title":{"rendered":"Castrovillari: IV centenario de la muerte de Fray Gesualdi"},"content":{"rendered":"<p><strong>El domingo 16 de diciembre del 2018, la comunidad de Castrovillari de la Custodia provincial de los Santos Daniel y Compa\u00f1eros M\u00e1rtires en Italia (Calabria), recordaron a Fray Filippo GESUALDI, en el IV centenario de su muerte.<\/strong><\/p>\n<p>Los frailes han concelebrado la Eucarist\u00eda presidida por el Obispo de Cassano en Jonio Mons. Francesco SAVINO. La celebraci\u00f3n dio inicio remembrando los rasgos caracter\u00edsticos de la vida y obra de Fray Filippo, de la Orden de Frailes Menores Conventuales.<br \/>\nOriginario de Castrovillari naci\u00f3 el 23 de febrero del 1550. Ingres\u00f3 en el convento en su ciudad natal, despu\u00e9s de su noviciado continu\u00f3 su formaci\u00f3n en Roma, Padua y Treviso. En Padua fue ordenado Presb\u00edtero en el 1573; se dedic\u00f3 a la ense\u00f1anza en varios colegios de la Orden y a la predicaci\u00f3n. En 1591 fue elegido Ministro provincial de Calabria. Realiz\u00f3 un \u00f3ptimo servicio de gobierno, comparti\u00f3 los ideales de reforma, de severa espiritualidad y de austeridad de vida.<br \/>\nEn 1593 fue elegido Ministro general de la Orden; de acuerdo con el papa CLEMENTE VIII, se comprometi\u00f3 en la reforma de la Orden, comenzando por la formaci\u00f3n inicial, espiritual, teol\u00f3gica y devocional; aboli\u00f3 las derogaciones a la vida comunitaria y a la observancia de la pobreza, defendiendo la familia conventual de nuevas divisiones.<br \/>\nEl 15 de abril de 1602, a finales de su servicio como Ministro general que dur\u00f3 tres mandatos, fue elevado a la dignidad episcopal. La Di\u00f3cesis que le confiaron fue la de Cariati y Cerenzia, entre las m\u00e1s pobres de Calabria. Tomo posesi\u00f3n franciscanamente en pobreza, estando ya delicado de salud. Ense\u00f1\u00f3 la doctrina cristiana y administr\u00f3 personalmente el sacramento de la Confesi\u00f3n. Instituy\u00f3 fraternidades laicales, se dedic\u00f3 a la predicaci\u00f3n popular y cre\u00f3 un hospital para enfermos pobres.<br \/>\nEn Cariati (Cosenza), muri\u00f3 el 12 de Diciembre de 1618, fue sepultado en pobreza y fama de santidad en la catedral. No obstante que el t\u00edtulo de beato haya sido a\u00f1adido tempranamente a su nombre, los trabajos de restauraci\u00f3n de la iglesia catedral en el siglo XVIII eliminaron todo rastro de su tumba, contribuyendo as\u00ed a empa\u00f1ar la memoria de uno de los m\u00e1s interesantes expositores de la reforma cat\u00f3lico-tridentina en la historia de las ordenes religiosas.<\/p>\n<p style=\"text-align: right;\">dalla Custodia<\/p>\n","protected":false},"excerpt":{"rendered":"<p>El domingo 16 de diciembre del 2018, la comunidad de Castrovillari de la Custodia provincial de los Santos Daniel y Compa\u00f1eros M\u00e1rtires en Italia (Calabria), recordaron a Fray Filippo GESUALDI, en el IV centenario de su muerte. Los frailes han concelebrado la Eucarist\u00eda presidida por el Obispo de Cassano en Jonio Mons. Francesco SAVINO. La [&hellip;]<\/p>\n","protected":false},"author":1,"featured_media":12855,"comment_status":"closed","ping_status":"open","sticky":false,"template":"","format":"standard","meta":{"ngg_post_thumbnail":0,"footnotes":""},"categories":[133,116,150],"tags":[1507],"class_list":["post-12862","post","type-post","status-publish","format-standard","has-post-thumbnail","category-federaciones","category-fimp-es","category-noticias","tag-italia-calabria"],"_links":{"self":[{"href":"https:\/\/www.ofmconv.net\/es\/wp-json\/wp\/v2\/posts\/12862","targetHints":{"allow":["GET"]}}],"collection":[{"href":"https:\/\/www.ofmconv.net\/es\/wp-json\/wp\/v2\/posts"}],"about":[{"href":"https:\/\/www.ofmconv.net\/es\/wp-json\/wp\/v2\/types\/post"}],"author":[{"embeddable":true,"href":"https:\/\/www.ofmconv.net\/es\/wp-json\/wp\/v2\/users\/1"}],"replies":[{"embeddable":true,"href":"https:\/\/www.ofmconv.net\/es\/wp-json\/wp\/v2\/comments?post=12862"}],"version-history":[{"count":0,"href":"https:\/\/www.ofmconv.net\/es\/wp-json\/wp\/v2\/posts\/12862\/revisions"}],"wp:featuredmedia":[{"embeddable":true,"href":"https:\/\/www.ofmconv.net\/es\/wp-json\/wp\/v2\/media\/12855"}],"wp:attachment":[{"href":"https:\/\/www.ofmconv.net\/es\/wp-json\/wp\/v2\/media?parent=12862"}],"wp:term":[{"taxonomy":"category","embeddable":true,"href":"https:\/\/www.ofmconv.net\/es\/wp-json\/wp\/v2\/categories?post=12862"},{"taxonomy":"post_tag","embeddable":true,"href":"https:\/\/www.ofmconv.net\/es\/wp-json\/wp\/v2\/tags?post=12862"}],"curies":[{"name":"wp","href":"https:\/\/api.w.org\/{rel}","templated":true}]}}