{"id":13125,"date":"2019-01-23T14:56:38","date_gmt":"2019-01-23T13:56:38","guid":{"rendered":"https:\/\/ofmconv.net\/roma-incontro-dei-nuovi-ministri-custodi-e-segretari\/"},"modified":"2019-01-23T15:11:21","modified_gmt":"2019-01-23T14:11:21","slug":"roma-incontro-dei-nuovi-ministri-custodi-e-segretari","status":"publish","type":"post","link":"https:\/\/www.ofmconv.net\/es\/roma-incontro-dei-nuovi-ministri-custodi-e-segretari\/","title":{"rendered":"Roma: encuentro de los nuevos Ministros, Custodios y Secretarios"},"content":{"rendered":"<p><strong>En el Convento de los Ss. Ap\u00f3stoles, del 8 al 12 de enero 2019, se ha realizado el encuentro de los nuevos Ministros provinciales, Custodios y Secretarios con el Definitorio general.<\/strong><\/p>\n<p>Han participado los Ministros: Fray Gaspare LA BARBERA de la Provincia de las Santas \u00c1gueda y Luc\u00eda en Italia (Sicilia), Fray Igor SALMI\u010c de la Provincia de San Jos\u00e9 en Eslovenia, Fray Victor ABEGG de la Provincia de San Jos\u00e9 de Cupertino en U.S.A., Fray Wayne HELLMANN de la Provincia de la B.V.M. Consoladora de los Afligidos en U.S.A.; los Custodios: Fray Anton BULAI de la Custodia provincial de Oriente y Tierra Santa, Fray Dariusz HARASIMOWICZ de la Custodia general Rusa de San Francisco de As\u00eds, Fray Giorgio TASSONE de la Custodia provincial de los Santos Daniel y Compa\u00f1eros M\u00e1rtires en Italia (Calabria) y Fray Jean- Fran\u00e7ois AUCLAIR de la Custodia provincial de San Buenaventura en Francia y B\u00e9lgica; los Secretarios: Fray Danilo HOLC de Eslovenia, Fray Joseph SCHENK de la Provincia de San Buenaventura en U.S.A., Fray Luca GURRERA de Sicilia y Fray Piotr KARNIALIUK de Rusia.<br \/>\nDespu\u00e9s de la introducci\u00f3n por parte del Ministro general Fray Marco TASCA, ha sido presentado un power-point acerca del rol de los Asistentes generales y del Definitorio general. Despu\u00e9s se tuvieron encuentros personales con los responsables de los Secretariados y de las Oficinas generalicias, la discusi\u00f3n sobre el Cap\u00edtulo general extraordinario 2018 y la revisi\u00f3n de los Estatutos generales, que ser\u00e1n aprobados en el Cap\u00edtulo general ordinario 2019.<br \/>\nEl encuentro prosigui\u00f3 con la discusi\u00f3n sobre la administraci\u00f3n econ\u00f3mica de las Provincias y de las Comunidades locales, la presentaci\u00f3n del Prontuario para el cumplimiento de las pr\u00e1cticas entre las Curias provinciales-custodiales y la Curia general, el di\u00e1logo sobre casos espec\u00edficos con Fray Vincenzo MARCOLI Secretario general y Fray Maurizio DI PAOLO Procurador general, la posibilidad de tener un encuentro personal con el Ministro general y\/o el Asistente general de \u00c1rea, mientras los Secretarios provinciales tuvieron un encuentro con los miembros de la Secretar\u00eda general.<br \/>\nLos participantes apreciaron mucho: la peregrinaci\u00f3n a la Bas\u00edlica de San Pedro con la visita a las excavaciones arqueol\u00f3gicas y a la tumba de los papas, la oraci\u00f3n en la Bas\u00edlica de San Bartolom\u00e9 Ap\u00f3stol y de los Nuevos M\u00e1rtires en la Isla Tiberina, los encuentros con las comunidades de las casas generalicias (Casa Kolbe, la Vi\u00f1a, el colegio Seraphicum, la Penitenciar\u00eda vaticana y la Curia de los Santos Ap\u00f3stoles.<br \/>\nEl encuentro recibi\u00f3 una positiva evaluaci\u00f3n por parte de todos los participantes; a cada uno llegue nuestro deseo de un servicio siempre alegre y lleno del entusiasmo del Esp\u00edritu.<\/p>\n<p style=\"text-align: right;\">Secretar\u00eda general<\/p>\nngg_shortcode_0_placeholder\n","protected":false},"excerpt":{"rendered":"<p>En el Convento de los Ss. Ap\u00f3stoles, del 8 al 12 de enero 2019, se ha realizado el encuentro de los nuevos Ministros provinciales, Custodios y Secretarios con el Definitorio general. Han participado los Ministros: Fray Gaspare LA BARBERA de la Provincia de las Santas \u00c1gueda y Luc\u00eda en Italia (Sicilia), Fray Igor SALMI\u010c de [&hellip;]<\/p>\n","protected":false},"author":1,"featured_media":13117,"comment_status":"closed","ping_status":"open","sticky":false,"template":"","format":"standard","meta":{"ngg_post_thumbnail":0,"footnotes":""},"categories":[150,142],"tags":[941,1893,1357],"class_list":["post-13125","post","type-post","status-publish","format-standard","has-post-thumbnail","category-noticias","category-secretaria-general","tag-roma-es","tag-santi-xii-apostoli-es","tag-ss-xii-apostoles"],"_links":{"self":[{"href":"https:\/\/www.ofmconv.net\/es\/wp-json\/wp\/v2\/posts\/13125","targetHints":{"allow":["GET"]}}],"collection":[{"href":"https:\/\/www.ofmconv.net\/es\/wp-json\/wp\/v2\/posts"}],"about":[{"href":"https:\/\/www.ofmconv.net\/es\/wp-json\/wp\/v2\/types\/post"}],"author":[{"embeddable":true,"href":"https:\/\/www.ofmconv.net\/es\/wp-json\/wp\/v2\/users\/1"}],"replies":[{"embeddable":true,"href":"https:\/\/www.ofmconv.net\/es\/wp-json\/wp\/v2\/comments?post=13125"}],"version-history":[{"count":0,"href":"https:\/\/www.ofmconv.net\/es\/wp-json\/wp\/v2\/posts\/13125\/revisions"}],"wp:featuredmedia":[{"embeddable":true,"href":"https:\/\/www.ofmconv.net\/es\/wp-json\/wp\/v2\/media\/13117"}],"wp:attachment":[{"href":"https:\/\/www.ofmconv.net\/es\/wp-json\/wp\/v2\/media?parent=13125"}],"wp:term":[{"taxonomy":"category","embeddable":true,"href":"https:\/\/www.ofmconv.net\/es\/wp-json\/wp\/v2\/categories?post=13125"},{"taxonomy":"post_tag","embeddable":true,"href":"https:\/\/www.ofmconv.net\/es\/wp-json\/wp\/v2\/tags?post=13125"}],"curies":[{"name":"wp","href":"https:\/\/api.w.org\/{rel}","templated":true}]}}