{"id":13546,"date":"2019-02-20T09:56:21","date_gmt":"2019-02-20T08:56:21","guid":{"rendered":"https:\/\/ofmconv.net\/roma-xxx-assemblea-missionaria\/"},"modified":"2019-02-20T10:06:27","modified_gmt":"2019-02-20T09:06:27","slug":"roma-xxx-assemblea-missionaria","status":"publish","type":"post","link":"https:\/\/www.ofmconv.net\/es\/roma-xxx-assemblea-missionaria\/","title":{"rendered":"Roma: XXX Asamblea Misionera"},"content":{"rendered":"<p><strong>Del 12 al 15 de febrero 2019, se ha llevado a cabo en el Seraphicum la XXX Asamblea Misionera del \u00e1rea FIMP, con el tema: \u201cAnimados por el Esp\u00edritu\u2026 para animar la misi\u00f3n\u201d, organizada por el Centro Misionero Franciscano (ONLUS) de Roma.<\/strong><\/p>\n<p>Han participado en la Asamblea 30 frailes animadores de las misiones, 2 hermanas Franciscanas Misioneras de As\u00eds y 10 laicos. El intercambio de experiencias ha sido significativo, as\u00ed como la presencia de los tres Animadores misioneros de las Provincias de los Frailes Menores Conventuales en Polonia: Fray Dariusz GACZY\u0143SKI (Cracovia), Fray Robert KOZIELSKI (Gdansk) y Fray Eugeniusz R\u00d3\u017bA\u0143SKI (Varsovia).<br \/>\nEl encuentro, vivido en un clima de intercambio fraterno, ha sido organizado sobre varias tem\u00e1ticas formativas y sobre aspectos operativos y pr\u00e1cticos para tener una mayor incidencia en la animaci\u00f3n: la comunicaci\u00f3n a trav\u00e9s del uso de los medios masivos de comunicaci\u00f3n, las modalidades para el desarrollo de una jornada misionera y el punto de vista del mundo del laicado y de los j\u00f3venes.<br \/>\nLas seis conferencias han focalizado los contenidos de la misi\u00f3n en sus m\u00faltiples \u00e1mbitos: \u201cEl Esp\u00edritu Santo animador de la misi\u00f3n\u201d (Prof. Salvatore MARTINEZ Responsable nacional de la Renovaci\u00f3n en el Esp\u00edritu Santo); \u201cLa Misi\u00f3n de los Frailes\u201d lectura sapiencial del IV Cap\u00edtulo de las nuevas Constituciones (Fray Gianfranco GRIECO OFMConv, periodista y escritor); \u201cEl di\u00e1logo como herencia del encuentro entre San Francisco y el Sult\u00e1n\u201d (Fray Felice AUTIERI OFMConv, franciscanista); \u201cTalleres formativos\u201d (Sr. Alex ZAPPAL\u00c0, quien ha sido responsable de \u201cMissio Giovani\u201d de la Conferencia Episcopal Italiana &#8211; CEI); \u201cHistoria de los 85 a\u00f1os de la revista \u2013 El Misionero Franciscano \u2013 contados mediante una proyecci\u00f3n de video\u201d (Fray Vittorio TRANI OFMConv, quien ha sido editor de tal revista durante 20 a\u00f1os); \u201cExperiencia franciscana en la GMG de Panam\u00e1\u201d (Fray Jaros\u0142aw WYSOCZA\u0143SKI OFMConv, Secretario general para la Animaci\u00f3n misionera).<br \/>\nEn la Asamblea tambi\u00e9n particip\u00f3 el Asistente general FIMP (Federazione Intermediterranea Ministri Provinciali) Fray Joaqu\u00edn \u00c1ngel AGESTA CUEVAS y el Ministro provincial de la Provincia de los Santos Nicol\u00e1s y \u00c1ngel en Italia (Puglia), Fray Vincenzo GIANNELLI, quien ha contado la dif\u00edcil y dram\u00e1tica situaci\u00f3n social en Venezuela.<br \/>\nDurante la Asamblea, los asamble\u00edstas han visitado la grande estructura televisiva y radiof\u00f3nica de TV2000 de la CEI, guiados por el Director Doc. Vincenzo MORGANTE quien, a conclusi\u00f3n de la visita, ha compartido una reflexi\u00f3n sobre el \u201cser misioneros en la comunicaci\u00f3n\u201d.<br \/>\nEl encuentro se concluy\u00f3 con la conferencia del Director Fray Paolo FIASCONARO OFMConv, sobre la vida y las actividades del Centro Misionero, y sobre el nuevo marco legal relativo a la abolici\u00f3n de las ONLUS que transitar\u00e1n en el registro \u00danico del Tercer Sector.<br \/>\nLas conferencias video grabadas se encuentran disponibles en la p\u00e1gina internet del Centro Misionero Franciscano y en YouTube \u201cCanal Misiones\u201d (Canale Missioni).<br \/>\n[ <a href=\"https:\/\/www.youtube.com\/channel\/UCBjypscEEGGONUKIqKfNgwA\">https:\/\/www.youtube.com\/channel\/UCBjypscEEGGONUKIqKfNgwA<\/a> ]<\/p>\n<p style=\"text-align: right;\">Fray Paolo FIASCONARO, Director del Centro Misionero<br \/>\nLorenza CASSANELLI, Secretaria del Centro Misionero<\/p>\nngg_shortcode_0_placeholder\n","protected":false},"excerpt":{"rendered":"<p>Del 12 al 15 de febrero 2019, se ha llevado a cabo en el Seraphicum la XXX Asamblea Misionera del \u00e1rea FIMP, con el tema: \u201cAnimados por el Esp\u00edritu\u2026 para animar la misi\u00f3n\u201d, organizada por el Centro Misionero Franciscano (ONLUS) de Roma. Han participado en la Asamblea 30 frailes animadores de las misiones, 2 hermanas [&hellip;]<\/p>\n","protected":false},"author":1,"featured_media":13537,"comment_status":"closed","ping_status":"open","sticky":false,"template":"","format":"standard","meta":{"ngg_post_thumbnail":0,"footnotes":""},"categories":[133,116,150],"tags":[256,1333,817,1926,1679,1553,2054,941,338,1725],"class_list":["post-13546","post","type-post","status-publish","format-standard","has-post-thumbnail","category-federaciones","category-fimp-es","category-noticias","tag-asamblea","tag-assemblea-es","tag-centro-misionero","tag-centro-missionario-es","tag-italia-es-2","tag-italia-es","tag-missionari-es","tag-roma-es","tag-seraphicum-es","tag-seraphicum-2-es"],"_links":{"self":[{"href":"https:\/\/www.ofmconv.net\/es\/wp-json\/wp\/v2\/posts\/13546","targetHints":{"allow":["GET"]}}],"collection":[{"href":"https:\/\/www.ofmconv.net\/es\/wp-json\/wp\/v2\/posts"}],"about":[{"href":"https:\/\/www.ofmconv.net\/es\/wp-json\/wp\/v2\/types\/post"}],"author":[{"embeddable":true,"href":"https:\/\/www.ofmconv.net\/es\/wp-json\/wp\/v2\/users\/1"}],"replies":[{"embeddable":true,"href":"https:\/\/www.ofmconv.net\/es\/wp-json\/wp\/v2\/comments?post=13546"}],"version-history":[{"count":0,"href":"https:\/\/www.ofmconv.net\/es\/wp-json\/wp\/v2\/posts\/13546\/revisions"}],"wp:featuredmedia":[{"embeddable":true,"href":"https:\/\/www.ofmconv.net\/es\/wp-json\/wp\/v2\/media\/13537"}],"wp:attachment":[{"href":"https:\/\/www.ofmconv.net\/es\/wp-json\/wp\/v2\/media?parent=13546"}],"wp:term":[{"taxonomy":"category","embeddable":true,"href":"https:\/\/www.ofmconv.net\/es\/wp-json\/wp\/v2\/categories?post=13546"},{"taxonomy":"post_tag","embeddable":true,"href":"https:\/\/www.ofmconv.net\/es\/wp-json\/wp\/v2\/tags?post=13546"}],"curies":[{"name":"wp","href":"https:\/\/api.w.org\/{rel}","templated":true}]}}