{"id":13600,"date":"2019-02-20T14:55:04","date_gmt":"2019-02-20T13:55:04","guid":{"rendered":"https:\/\/ofmconv.net\/questo-punto-non-e-negoziabile\/"},"modified":"2019-02-21T17:12:34","modified_gmt":"2019-02-21T16:12:34","slug":"questo-punto-non-e-negoziabile","status":"publish","type":"post","link":"https:\/\/www.ofmconv.net\/es\/questo-punto-non-e-negoziabile\/","title":{"rendered":"\u201cEste punto no es negociable\u201d"},"content":{"rendered":"<p><strong>Al inicio del encuentro sobre prevenci\u00f3n y protecci\u00f3n de menores, nosotros, Superiores y Superioras Mayores de \u00d3rdenes y Congregaciones religiosas del mundo entero, queremos expresar nuestro apoyo a esta iniciativa del Papa Francisco.<\/strong><\/p>\n<p>En nuestra labor como religiosos y religiosas, nos encontramos con muchas situaciones donde los ni\u00f1os no son deseados y son v\u00edctima de abuso, de olvido y de maltrato. Vemos a ni\u00f1os soldados; la trata de menores; el abuso sexual a menores; el abuso f\u00edsico y emocional a menores. Son voces que claman. Como personas adultas, cristianas y como religiosos y religiosas, queremos trabajar para que sus vidas cambien y mejoren las situaciones en las que se encuentran.<br \/>\nLo com\u00fan a todas estas situaciones es la vulnerabilidad. Los ni\u00f1os son los sujetos m\u00e1s vulnerables en nuestras sociedades. Los ni\u00f1os pobres, discapacitados o indigentes, los que viven en los m\u00e1rgenes, que pertenecen a las clases sociales o castas m\u00e1s bajas pueden ser particularmente vulnerables. Son considerados \u2018no esenciales\u2019, \u2018objeto\u2019 de uso y abuso.<\/p>\n<p><a href=\"\/img\/galerie\/2019\/02-20-sg-statement\/statement-es.pdf\">texto completo &gt;&gt;&gt;<img loading=\"lazy\" decoding=\"async\" class=\"alignleft size-full wp-image-3965\" src=\"https:\/\/ofmconv.net\/wp-content\/uploads\/2018\/03\/pdf-1.png\" alt=\"statement-es\" width=\"48\" height=\"48\"><\/a><\/p>\n","protected":false},"excerpt":{"rendered":"<p>Al inicio del encuentro sobre prevenci\u00f3n y protecci\u00f3n de menores, nosotros, Superiores y Superioras Mayores de \u00d3rdenes y Congregaciones religiosas del mundo entero, queremos expresar nuestro apoyo a esta iniciativa del Papa Francisco. En nuestra labor como religiosos y religiosas, nos encontramos con muchas situaciones donde los ni\u00f1os no son deseados y son v\u00edctima de [&hellip;]<\/p>\n","protected":false},"author":1,"featured_media":13602,"comment_status":"closed","ping_status":"open","sticky":false,"template":"","format":"standard","meta":{"ngg_post_thumbnail":0,"footnotes":""},"categories":[150,146,142],"tags":[1206,313,1571],"class_list":["post-13600","post","type-post","status-publish","format-standard","has-post-thumbnail","category-noticias","category-ufficio-comunicazioni-es","category-secretaria-general","tag-papa-francesco-es","tag-papa-francisco","tag-vaticano-pl-es"],"_links":{"self":[{"href":"https:\/\/www.ofmconv.net\/es\/wp-json\/wp\/v2\/posts\/13600","targetHints":{"allow":["GET"]}}],"collection":[{"href":"https:\/\/www.ofmconv.net\/es\/wp-json\/wp\/v2\/posts"}],"about":[{"href":"https:\/\/www.ofmconv.net\/es\/wp-json\/wp\/v2\/types\/post"}],"author":[{"embeddable":true,"href":"https:\/\/www.ofmconv.net\/es\/wp-json\/wp\/v2\/users\/1"}],"replies":[{"embeddable":true,"href":"https:\/\/www.ofmconv.net\/es\/wp-json\/wp\/v2\/comments?post=13600"}],"version-history":[{"count":0,"href":"https:\/\/www.ofmconv.net\/es\/wp-json\/wp\/v2\/posts\/13600\/revisions"}],"wp:featuredmedia":[{"embeddable":true,"href":"https:\/\/www.ofmconv.net\/es\/wp-json\/wp\/v2\/media\/13602"}],"wp:attachment":[{"href":"https:\/\/www.ofmconv.net\/es\/wp-json\/wp\/v2\/media?parent=13600"}],"wp:term":[{"taxonomy":"category","embeddable":true,"href":"https:\/\/www.ofmconv.net\/es\/wp-json\/wp\/v2\/categories?post=13600"},{"taxonomy":"post_tag","embeddable":true,"href":"https:\/\/www.ofmconv.net\/es\/wp-json\/wp\/v2\/tags?post=13600"}],"curies":[{"name":"wp","href":"https:\/\/api.w.org\/{rel}","templated":true}]}}