{"id":13922,"date":"2019-03-09T17:46:16","date_gmt":"2019-03-09T16:46:16","guid":{"rendered":"https:\/\/ofmconv.net\/roma-convegno-sul-diritto-proprio-dellofmconv\/"},"modified":"2019-03-09T17:58:06","modified_gmt":"2019-03-09T16:58:06","slug":"roma-convegno-sul-diritto-proprio-dellofmconv","status":"publish","type":"post","link":"https:\/\/www.ofmconv.net\/es\/roma-convegno-sul-diritto-proprio-dellofmconv\/","title":{"rendered":"Roma: Congreso sobre el derecho propio de la OFMConv"},"content":{"rendered":"<p><strong>La Procuradur\u00eda de la Orden ha organizado un Congreso de estudios sobre el derecho propio de la Orden, despu\u00e9s de haberse concluido la revisi\u00f3n de las Constituciones y tambi\u00e9n en vista del pr\u00f3ximo Cap\u00edtulo general en el que ser\u00e1n revisados los Estatutos generales. Se llevar\u00e1 a cabo del 21 al 23 de Marzo de 2019 en el Colegio internacional de los Frailes Menores Conventuales \u2013 \u201cSeraphicum\u201d en Roma.<\/strong><\/p>\n<p>El Congreso, abierto exclusivamente a los frailes de la Orden, tiene el objetivo de suscitar una reflexi\u00f3n jur\u00eddica sobre tantos temas de nuestra vida fraterna y eclesial: el ejercicio de la autoridad de los Superiores y de los Cap\u00edtulos, la autonom\u00eda de las Jurisdicciones individuales, las salidas de la Orden y el abandono de la vida religiosa con el paso a la vida diocesana de algunos frailes sacerdotes.<br \/>\nLo que se quiere es sensibilizar a los frailes en general y a los Superiores en particular, para prevenir y resolver algunas problem\u00e1ticas m\u00e1s frecuentes de lo que se creer\u00eda.<br \/>\nLa metodolog\u00eda ser\u00e1 sencilla y discursiva para as\u00ed permitir a todos, tambi\u00e9n a los menos expertos en derecho, comprender y participar activamente. Los conferencistas, todos religiosos de nuestra Orden y de los Dicasterios vaticanos, ayudar\u00e1n a entrar en las problem\u00e1ticas y en las prospectivas con un corte fuertemente experiencial.<br \/>\nEsperamos que este Congreso pueda dar inicio a una reflexi\u00f3n jur\u00eddica sistem\u00e1tica en la Orden, quiz\u00e1 con un encuentro peri\u00f3dico para afrontar tambi\u00e9n otras tem\u00e1ticas emergentes.<\/p>\n<p style=\"text-align: right;\">Fray Maurizio DI PAOLO, Procurador general OFMConv<\/p>\n","protected":false},"excerpt":{"rendered":"<p>La Procuradur\u00eda de la Orden ha organizado un Congreso de estudios sobre el derecho propio de la Orden, despu\u00e9s de haberse concluido la revisi\u00f3n de las Constituciones y tambi\u00e9n en vista del pr\u00f3ximo Cap\u00edtulo general en el que ser\u00e1n revisados los Estatutos generales. Se llevar\u00e1 a cabo del 21 al 23 de Marzo de 2019 [&hellip;]<\/p>\n","protected":false},"author":1,"featured_media":13924,"comment_status":"closed","ping_status":"open","sticky":false,"template":"","format":"standard","meta":{"ngg_post_thumbnail":0,"footnotes":""},"categories":[150,136,142],"tags":[941,1725,338],"class_list":["post-13922","post","type-post","status-publish","format-standard","has-post-thumbnail","category-noticias","category-oficinas-generales","category-secretaria-general","tag-roma-es","tag-seraphicum-2-es","tag-seraphicum-es"],"_links":{"self":[{"href":"https:\/\/www.ofmconv.net\/es\/wp-json\/wp\/v2\/posts\/13922","targetHints":{"allow":["GET"]}}],"collection":[{"href":"https:\/\/www.ofmconv.net\/es\/wp-json\/wp\/v2\/posts"}],"about":[{"href":"https:\/\/www.ofmconv.net\/es\/wp-json\/wp\/v2\/types\/post"}],"author":[{"embeddable":true,"href":"https:\/\/www.ofmconv.net\/es\/wp-json\/wp\/v2\/users\/1"}],"replies":[{"embeddable":true,"href":"https:\/\/www.ofmconv.net\/es\/wp-json\/wp\/v2\/comments?post=13922"}],"version-history":[{"count":0,"href":"https:\/\/www.ofmconv.net\/es\/wp-json\/wp\/v2\/posts\/13922\/revisions"}],"wp:featuredmedia":[{"embeddable":true,"href":"https:\/\/www.ofmconv.net\/es\/wp-json\/wp\/v2\/media\/13924"}],"wp:attachment":[{"href":"https:\/\/www.ofmconv.net\/es\/wp-json\/wp\/v2\/media?parent=13922"}],"wp:term":[{"taxonomy":"category","embeddable":true,"href":"https:\/\/www.ofmconv.net\/es\/wp-json\/wp\/v2\/categories?post=13922"},{"taxonomy":"post_tag","embeddable":true,"href":"https:\/\/www.ofmconv.net\/es\/wp-json\/wp\/v2\/tags?post=13922"}],"curies":[{"name":"wp","href":"https:\/\/api.w.org\/{rel}","templated":true}]}}