{"id":14721,"date":"2019-04-01T16:14:58","date_gmt":"2019-04-01T14:14:58","guid":{"rendered":"https:\/\/ofmconv.net\/roma-seraphicum-proroga-del-mandato-di-vice-preside\/"},"modified":"2019-04-01T16:21:13","modified_gmt":"2019-04-01T14:21:13","slug":"roma-seraphicum-proroga-del-mandato-di-vice-preside","status":"publish","type":"post","link":"https:\/\/www.ofmconv.net\/es\/roma-seraphicum-proroga-del-mandato-di-vice-preside\/","title":{"rendered":"Roma\/Seraphicum: pr\u00f3rroga del mandato de Vice-preside"},"content":{"rendered":"<p><strong>Fray Germano SCAGLIONI (docente de Nuevo Testamento) ha sido confirmado en el encargo de Vice-preside de la Pontificia Facultad Teol\u00f3gica \u201cSan Buenaventura\u201d-Seraphicum de los Frailes Menores Conventuales.<\/strong><\/p>\n<p>El Consejo de Facultad, en la sesi\u00f3n del viernes 29 de marzo de 2019 -en la cual ha participado tambi\u00e9n el Vice Gran Canciller y Vicario de la Orden Fray Jerzy NOREL- lo ha reelegido con mayor\u00eda absoluta, en el encargo de Vicario del Preside Fray Dinh Anh Nhue NGUYEN, recientemente confirmado por la Congregaci\u00f3n para la Educaci\u00f3n cat\u00f3lica.<br \/>\nFray Germano naci\u00f3 en Fidenza (PR) el 24 de diciembre de 1961; es Profeso solemne desde el 30 de septiembre de 1995 y Presb\u00edtero desde el 28 de junio de 1997. Adem\u00e1s de la docencia en el Seraphicum y en la Pontificia Universidad Antonianum, reviste el encargo de Director del bimestral de teolog\u00eda \u201cCreer hoy\u201d de la Editorial Mensajero de Padua y redactor del mensual \u201cSan Buenaventura informa\u201d.<br \/>\nEn la misma sesi\u00f3n, el Consejo de Facultad ha elegido a Fray Stanis\u0142aw BAZYLI\u0143SKI como miembro del Consejo del Preside.<\/p>\n<p style=\"text-align: right;\">Elisabetta LO IACONO, Responsable de la Oficina de Prensa Seraphicum<\/p>\n","protected":false},"excerpt":{"rendered":"<p>Fray Germano SCAGLIONI (docente de Nuevo Testamento) ha sido confirmado en el encargo de Vice-preside de la Pontificia Facultad Teol\u00f3gica \u201cSan Buenaventura\u201d-Seraphicum de los Frailes Menores Conventuales. El Consejo de Facultad, en la sesi\u00f3n del viernes 29 de marzo de 2019 -en la cual ha participado tambi\u00e9n el Vice Gran Canciller y Vicario de la [&hellip;]<\/p>\n","protected":false},"author":1,"featured_media":14713,"comment_status":"closed","ping_status":"open","sticky":false,"template":"","format":"standard","meta":{"ngg_post_thumbnail":0,"footnotes":""},"categories":[150,142],"tags":[339,941,1725,338],"class_list":["post-14721","post","type-post","status-publish","format-standard","has-post-thumbnail","category-noticias","category-secretaria-general","tag-casas-generalicias","tag-roma-es","tag-seraphicum-2-es","tag-seraphicum-es"],"_links":{"self":[{"href":"https:\/\/www.ofmconv.net\/es\/wp-json\/wp\/v2\/posts\/14721","targetHints":{"allow":["GET"]}}],"collection":[{"href":"https:\/\/www.ofmconv.net\/es\/wp-json\/wp\/v2\/posts"}],"about":[{"href":"https:\/\/www.ofmconv.net\/es\/wp-json\/wp\/v2\/types\/post"}],"author":[{"embeddable":true,"href":"https:\/\/www.ofmconv.net\/es\/wp-json\/wp\/v2\/users\/1"}],"replies":[{"embeddable":true,"href":"https:\/\/www.ofmconv.net\/es\/wp-json\/wp\/v2\/comments?post=14721"}],"version-history":[{"count":0,"href":"https:\/\/www.ofmconv.net\/es\/wp-json\/wp\/v2\/posts\/14721\/revisions"}],"wp:featuredmedia":[{"embeddable":true,"href":"https:\/\/www.ofmconv.net\/es\/wp-json\/wp\/v2\/media\/14713"}],"wp:attachment":[{"href":"https:\/\/www.ofmconv.net\/es\/wp-json\/wp\/v2\/media?parent=14721"}],"wp:term":[{"taxonomy":"category","embeddable":true,"href":"https:\/\/www.ofmconv.net\/es\/wp-json\/wp\/v2\/categories?post=14721"},{"taxonomy":"post_tag","embeddable":true,"href":"https:\/\/www.ofmconv.net\/es\/wp-json\/wp\/v2\/tags?post=14721"}],"curies":[{"name":"wp","href":"https:\/\/api.w.org\/{rel}","templated":true}]}}