{"id":15077,"date":"2019-04-17T16:46:46","date_gmt":"2019-04-17T14:46:46","guid":{"rendered":"https:\/\/ofmconv.net\/venerabile-carlos-de-dios-murias\/"},"modified":"2019-04-18T09:42:52","modified_gmt":"2019-04-18T07:42:52","slug":"venerabile-carlos-de-dios-murias","status":"publish","type":"post","link":"https:\/\/www.ofmconv.net\/es\/venerabile-carlos-de-dios-murias\/","title":{"rendered":"Venerable Carlos de Dios MURIAS"},"content":{"rendered":"<p><strong>Nuestra Orden de Frailes Menores Conventuales nuevamente se prepara para rendir gloria y honor al Alt\u00edsimo y Omnipotente Dios, porque uno de sus frailes ser\u00e1 agregado pr\u00f3ximamente a la grande estirpe de los beatos m\u00e1rtires que han sabido hacer de su vida y muerte semilla fecunda y Evangelio viviente para todos aquellos que buscan la salvaci\u00f3n.<\/strong><\/p>\n<p>Queridos hermanos, elevando a nuestro hermano Carlos al honor de los altares, el Buen Dios nos ofrece una nueva ocasi\u00f3n para reflexionar sobre nuestra identidad como frailes menores conventuales, sobre nuestra seriedad en la vivencia de nuestra llamada en el tiempo y en los lugares donde la obediencia nos ha destinado, pero sobre todo sobre c\u00f3mo encarnamos la Buena Noticia, ante todo en nuestra vida y en nuestras fraternidades, pero tambi\u00e9n en medio del pueblo de Dios en que vivimos.<br \/>\nDe hecho, el 27 de abril de 2019, en la ciudad de La Rioja en Argentina, ser\u00e1 beatificado nuestro hermano Carlos de Dios MURIAS, religioso sacerdote m\u00e1rtir, junto con otros tres Venerables testigos de Cristo, Mons. Enrico Angelo ANGELELLI CARLETTI, obispo de la di\u00f3cesis de La Rioja, el franc\u00e9s Don Gabriel LONGUEVILLE, sacerdote diocesano fidei donum y Wenceslao PEDERNERA, laico y padre de familia. Digno de menci\u00f3n es el hecho de que estos cuatro nuevos beatos, as\u00ed como en vida estuvieron estrechamente unidos, as\u00ed tambi\u00e9n lo estuvieron en la muerte, y ahora y por siempre seguir\u00e1n juntos como intercesores ante Dios en favor de todos nosotros, en particular de los frailes de la Provincia Rioplatense y de todo el pueblo argentino&#8230;<\/p>\n<p style=\"text-align: right;\">El texto de la carta del Ministro general<\/p>\n<table>\n<tbody>\n<tr>\n<td><a href=\"\/docs\/lettere-mg\/spa_murias-lettera-MG.pdf\">descargar&gt;&gt;&gt;<img loading=\"lazy\" decoding=\"async\" class=\"alignleft size-full wp-image-3965\" src=\"https:\/\/ofmconv.net\/wp-content\/uploads\/2018\/03\/pdf-1.png\" alt=\"pdf\" width=\"48\" height=\"48\"><\/a>\n<\/td>\n<td><a href=\"\/img\/galerie\/2019\/04-17-postulator-murias\/murias-poster.pdf\">descargar&gt;&gt;&gt;<img decoding=\"async\" class=\"alignleft\" src=\"\/img\/galerie\/2019\/04-17-postulator-murias\/murias-poster-thumb.jpg\" alt=\"poster\" width=\"48\"><\/a>\n<\/td>\n<\/tr>\n<\/tbody>\n<\/table>\n<p>&nbsp;<\/p>\nngg_shortcode_0_placeholder\n","protected":false},"excerpt":{"rendered":"<p>Nuestra Orden de Frailes Menores Conventuales nuevamente se prepara para rendir gloria y honor al Alt\u00edsimo y Omnipotente Dios, porque uno de sus frailes ser\u00e1 agregado pr\u00f3ximamente a la grande estirpe de los beatos m\u00e1rtires que han sabido hacer de su vida y muerte semilla fecunda y Evangelio viviente para todos aquellos que buscan la [&hellip;]<\/p>\n","protected":false},"author":1,"featured_media":15073,"comment_status":"closed","ping_status":"open","sticky":false,"template":"","format":"standard","meta":{"ngg_post_thumbnail":0,"footnotes":""},"categories":[150,136,145],"tags":[1321],"class_list":["post-15077","post","type-post","status-publish","format-standard","has-post-thumbnail","category-noticias","category-oficinas-generales","category-postulatore-es","tag-fra-carlo-di-dio-murias-en-pl-es"],"_links":{"self":[{"href":"https:\/\/www.ofmconv.net\/es\/wp-json\/wp\/v2\/posts\/15077","targetHints":{"allow":["GET"]}}],"collection":[{"href":"https:\/\/www.ofmconv.net\/es\/wp-json\/wp\/v2\/posts"}],"about":[{"href":"https:\/\/www.ofmconv.net\/es\/wp-json\/wp\/v2\/types\/post"}],"author":[{"embeddable":true,"href":"https:\/\/www.ofmconv.net\/es\/wp-json\/wp\/v2\/users\/1"}],"replies":[{"embeddable":true,"href":"https:\/\/www.ofmconv.net\/es\/wp-json\/wp\/v2\/comments?post=15077"}],"version-history":[{"count":0,"href":"https:\/\/www.ofmconv.net\/es\/wp-json\/wp\/v2\/posts\/15077\/revisions"}],"wp:featuredmedia":[{"embeddable":true,"href":"https:\/\/www.ofmconv.net\/es\/wp-json\/wp\/v2\/media\/15073"}],"wp:attachment":[{"href":"https:\/\/www.ofmconv.net\/es\/wp-json\/wp\/v2\/media?parent=15077"}],"wp:term":[{"taxonomy":"category","embeddable":true,"href":"https:\/\/www.ofmconv.net\/es\/wp-json\/wp\/v2\/categories?post=15077"},{"taxonomy":"post_tag","embeddable":true,"href":"https:\/\/www.ofmconv.net\/es\/wp-json\/wp\/v2\/tags?post=15077"}],"curies":[{"name":"wp","href":"https:\/\/api.w.org\/{rel}","templated":true}]}}