{"id":15266,"date":"2019-05-04T15:47:49","date_gmt":"2019-05-04T13:47:49","guid":{"rendered":"https:\/\/ofmconv.net\/canada-visita-canonica-della-custodia\/"},"modified":"2019-05-04T15:54:47","modified_gmt":"2019-05-04T13:54:47","slug":"canada-visita-canonica-della-custodia","status":"publish","type":"post","link":"https:\/\/www.ofmconv.net\/es\/canada-visita-canonica-della-custodia\/","title":{"rendered":"Canad\u00e1: visita can\u00f3nica a la Custodia"},"content":{"rendered":"<p><strong>Del 28 de enero al 1\u00b0 de febrero y del 26 de abril al 1\u00ba de mayo 2019, el Asistente general CFF ha realizado la visita can\u00f3nica general a la Custodia provincial de San Maximiliano M. Kolbe en Canad\u00e1, misma que pertenece a la Provincia de San Maximiliano M. Kolbe en Polonia (Gdansk).<\/strong><\/p>\n<p>La visita se realiz\u00f3 en preparaci\u00f3n al Cap\u00edtulo custodial ordinario que tendr\u00e1 lugar en el mes de septiembre del a\u00f1o en curso.<br \/>\nEl 30 de abril, Fray Jude WINKLER se reuni\u00f3 con el Custodio y los miembros de su Definitorio para compartir con ellos sus observaciones al final de la visita y ofrecerles sus recomendaciones para el futuro.<br \/>\nLa Custodia fue fundada para asistir las necesidades pastorales de los inmigrantes polacos en la ciudad de Montreal; los hermanos han extendido dicha pastoral a las ciudades de South Boston MA, Bridgeport CT y Clifton NJ en los Estados Unidos de Am\u00e9rica. Actualmente diez frailes pertenecen a la Custodia, seis m\u00e1s provienen de la Provincia madre.<\/p>\n<p style=\"text-align: right;\">Fray Jude WINKLER, Asistente general CFF (Conventual Franciscan Federation).<\/p>\nngg_shortcode_0_placeholder\n","protected":false},"excerpt":{"rendered":"<p>Del 28 de enero al 1\u00b0 de febrero y del 26 de abril al 1\u00ba de mayo 2019, el Asistente general CFF ha realizado la visita can\u00f3nica general a la Custodia provincial de San Maximiliano M. Kolbe en Canad\u00e1, misma que pertenece a la Provincia de San Maximiliano M. Kolbe en Polonia (Gdansk). La visita [&hellip;]<\/p>\n","protected":false},"author":1,"featured_media":15262,"comment_status":"closed","ping_status":"open","sticky":false,"template":"","format":"standard","meta":{"ngg_post_thumbnail":0,"footnotes":""},"categories":[106,133,150],"tags":[1665,1960,1606],"class_list":["post-15266","post","type-post","status-publish","format-standard","has-post-thumbnail","category-cff-es","category-federaciones","category-noticias","tag-canada-es","tag-visita-canonica-es-2","tag-visita-canonica-es"],"_links":{"self":[{"href":"https:\/\/www.ofmconv.net\/es\/wp-json\/wp\/v2\/posts\/15266","targetHints":{"allow":["GET"]}}],"collection":[{"href":"https:\/\/www.ofmconv.net\/es\/wp-json\/wp\/v2\/posts"}],"about":[{"href":"https:\/\/www.ofmconv.net\/es\/wp-json\/wp\/v2\/types\/post"}],"author":[{"embeddable":true,"href":"https:\/\/www.ofmconv.net\/es\/wp-json\/wp\/v2\/users\/1"}],"replies":[{"embeddable":true,"href":"https:\/\/www.ofmconv.net\/es\/wp-json\/wp\/v2\/comments?post=15266"}],"version-history":[{"count":0,"href":"https:\/\/www.ofmconv.net\/es\/wp-json\/wp\/v2\/posts\/15266\/revisions"}],"wp:featuredmedia":[{"embeddable":true,"href":"https:\/\/www.ofmconv.net\/es\/wp-json\/wp\/v2\/media\/15262"}],"wp:attachment":[{"href":"https:\/\/www.ofmconv.net\/es\/wp-json\/wp\/v2\/media?parent=15266"}],"wp:term":[{"taxonomy":"category","embeddable":true,"href":"https:\/\/www.ofmconv.net\/es\/wp-json\/wp\/v2\/categories?post=15266"},{"taxonomy":"post_tag","embeddable":true,"href":"https:\/\/www.ofmconv.net\/es\/wp-json\/wp\/v2\/tags?post=15266"}],"curies":[{"name":"wp","href":"https:\/\/api.w.org\/{rel}","templated":true}]}}