{"id":15365,"date":"2019-05-06T08:55:01","date_gmt":"2019-05-06T06:55:01","guid":{"rendered":"https:\/\/ofmconv.net\/argentina-beatificazione-di-fra-carlos-de-dios-murias\/"},"modified":"2019-05-23T09:55:01","modified_gmt":"2019-05-23T07:55:01","slug":"argentina-beatificazione-di-fra-carlos-de-dios-murias","status":"publish","type":"post","link":"https:\/\/www.ofmconv.net\/es\/argentina-beatificazione-di-fra-carlos-de-dios-murias\/","title":{"rendered":"Argentina: Beatificaci\u00f3n de Fray Carlos de Dios MURIAS"},"content":{"rendered":"<p><strong>El s\u00e1bado 27 de abril 2019 en la ciudad de La Rioja en Argentina, el Prefecto de la Congregaci\u00f3n para las Causas de los Santos, Su Eminencia Mons. Angelo BECCIU, ha beatificado a nuestro hermano M\u00e1rtir Fray Carlos de Dios MURIAS.<\/strong><\/p>\n<p>Junto con \u00e9l han sido beatificados otros tres Venerables testigos de Cristo: Mons. Enrico Angelo ANGELELLI CARLETTI Obispo de la di\u00f3cesis de La Rioja, el franc\u00e9s Don Gabriel LONGUEVILLE Sacerdote diocesano \u201cfidei donum\u201d y Wenceslao PEDERNERA, laico y padre de familia.<br \/>\nNuestra familia conventual ha sido representada por el Ministro general Fray Marco TASCA, por el Vicario general Fray Jerzy NOREL, junto con casi todos los miembros del Definitorio general y algunos frailes de la Curia generalicia, Mons. Gianfranco GIROTTI, el Postulador general Fray Damian P\u0102TRA\u0218CU y otros frailes provenientes tanto de Italia como de otras jurisdicciones de la Federaci\u00f3n FALC (Federaci\u00f3n Am\u00e9rica Latina Conventuales), en particular de la Provincia \u201cRioplatense\u201d de San Antonio de Padua en Argentina y Uruguay; en total, la delegaci\u00f3n estaba compuesta por m\u00e1s de cincuenta frailes.<br \/>\nImpresionante ha sido la participaci\u00f3n de la Iglesia argentina, con aproximadamente cincuenta Obispos, m\u00e1s de 500 sacerdotes y aproximadamente 30,000 fieles venidos de todos los rincones del pa\u00eds.<br \/>\nLas celebraciones iniciaron desde la tarde del viernes, cuando el Prefecto de la Congregaci\u00f3n ha celebrado la Santa Misa en la Catedral de La Rioja, agradeciendo a los M\u00e1rtires por su testimonio de Cristo, y proponi\u00e9ndolos a todos como disc\u00edpulos y modelos de seguimiento.<br \/>\nPor la ma\u00f1ana del s\u00e1bado, a las 10:00 horas, en un hermoso parque y en un clima festivo, celebraron la Eucarist\u00eda, en la cual, a nombre del Santo Padre, Su Eminencia Mons. Angelo BECCIU ha escrito en el registro de los Beatos a los cuatro Venerables, primicia de los M\u00e1rtires de la Iglesia argentina. Estos nuevos Beatos -ha dicho el enviado del Papa- son M\u00e1rtires del Evangelio, sello del mensaje del Concilio Vaticano II, testigos de la frescura de la Buena Noticia para todos los tiempos.<br \/>\nDespu\u00e9s de la intensa celebraci\u00f3n de la Misa y del rito de Beatificaci\u00f3n, la delegaci\u00f3n de los frailes se dirigi\u00f3 a la Parroquia de Sa\u00f1ogasta, lugar del Martirio del Beato Wenceslao PEDERNERA, para venerar sus restos y concelebrar con los Obispos presentes la Santa Misa de agradecimiento. De regreso en La Rioja, el domingo, los frailes tuvieron otras dos celebraciones: por la ma\u00f1ana la Misa de agradecimiento en el lugar llamado \u201cPunta de los Llanos\u201d, lugar del martirio del Beato Mons. Enrico Angelo ANGELELLI CARLETTI, y por la tarde en Chamical, donde celebraron nuevamente junto con los Obispos y numerosos Sacerdotes, agradeciendo a Dios por la Beatificaci\u00f3n de nuestro hermano Carlos de Dios MURIAS y el Sacerdote diocesano Gabriel LONGUEVILLE.<br \/>\nHan sido d\u00edas llenos de esp\u00edritu celebrativo, de alegr\u00eda, de manifestaci\u00f3n de fe, pero sobre todo de agradecimiento al Dios de cada vocaci\u00f3n, por haber donado a la Iglesia y en particular a nuestra Orden, testigos ejemplares y poderosos intercesores, para que tambi\u00e9n nosotros podamos marchar con m\u00e1s br\u00edo y valent\u00eda por los caminos del mundo.<br \/>\nBeatos Carlos, Enrique, Gabriel y Wenceslao \u00a1rueguen por nosotros!<\/p>\n<p style=\"text-align: right;\">Fray Damian P\u0102TRA\u0218CU, Postulador general.<\/p>\n<p><a href=\"\/img\/galerie\/2019\/05-03-postulator-beatificazione\/vigilia_esp.pdf\"><img loading=\"lazy\" decoding=\"async\" class=\"alignleft size-full wp-image-3965\" src=\"https:\/\/ofmconv.net\/wp-content\/uploads\/2018\/03\/pdf-1.png\" alt=\"pdf\" width=\"48\" height=\"48\">omelia [vigilia della beatificazione] >>>><\/a><\/p>\n<p><a href=\"\/img\/galerie\/2019\/05-03-postulator-beatificazione\/beatificazione_esp.pdf\"><img loading=\"lazy\" decoding=\"async\" class=\"alignleft size-full wp-image-3965\" src=\"https:\/\/ofmconv.net\/wp-content\/uploads\/2018\/03\/pdf-1.png\" alt=\"pdf\" width=\"48\" height=\"48\">omelia [la Santa Misa de la Beatificaci\u00f3n] >>>><\/a><\/p>\nngg_shortcode_0_placeholder\n","protected":false},"excerpt":{"rendered":"<p>El s\u00e1bado 27 de abril 2019 en la ciudad de La Rioja en Argentina, el Prefecto de la Congregaci\u00f3n para las Causas de los Santos, Su Eminencia Mons. Angelo BECCIU, ha beatificado a nuestro hermano M\u00e1rtir Fray Carlos de Dios MURIAS. Junto con \u00e9l han sido beatificados otros tres Venerables testigos de Cristo: Mons. Enrico [&hellip;]<\/p>\n","protected":false},"author":1,"featured_media":15361,"comment_status":"closed","ping_status":"open","sticky":false,"template":"","format":"standard","meta":{"ngg_post_thumbnail":0,"footnotes":""},"categories":[150,136,145],"tags":[1683,1321,1686],"class_list":["post-15365","post","type-post","status-publish","format-standard","has-post-thumbnail","category-noticias","category-oficinas-generales","category-postulatore-es","tag-argentina-uruguay-es","tag-fra-carlo-di-dio-murias-en-pl-es","tag-fra-carlo-di-dios-murias-es"],"_links":{"self":[{"href":"https:\/\/www.ofmconv.net\/es\/wp-json\/wp\/v2\/posts\/15365","targetHints":{"allow":["GET"]}}],"collection":[{"href":"https:\/\/www.ofmconv.net\/es\/wp-json\/wp\/v2\/posts"}],"about":[{"href":"https:\/\/www.ofmconv.net\/es\/wp-json\/wp\/v2\/types\/post"}],"author":[{"embeddable":true,"href":"https:\/\/www.ofmconv.net\/es\/wp-json\/wp\/v2\/users\/1"}],"replies":[{"embeddable":true,"href":"https:\/\/www.ofmconv.net\/es\/wp-json\/wp\/v2\/comments?post=15365"}],"version-history":[{"count":0,"href":"https:\/\/www.ofmconv.net\/es\/wp-json\/wp\/v2\/posts\/15365\/revisions"}],"wp:featuredmedia":[{"embeddable":true,"href":"https:\/\/www.ofmconv.net\/es\/wp-json\/wp\/v2\/media\/15361"}],"wp:attachment":[{"href":"https:\/\/www.ofmconv.net\/es\/wp-json\/wp\/v2\/media?parent=15365"}],"wp:term":[{"taxonomy":"category","embeddable":true,"href":"https:\/\/www.ofmconv.net\/es\/wp-json\/wp\/v2\/categories?post=15365"},{"taxonomy":"post_tag","embeddable":true,"href":"https:\/\/www.ofmconv.net\/es\/wp-json\/wp\/v2\/tags?post=15365"}],"curies":[{"name":"wp","href":"https:\/\/api.w.org\/{rel}","templated":true}]}}