{"id":15889,"date":"2019-05-20T09:20:23","date_gmt":"2019-05-20T07:20:23","guid":{"rendered":"https:\/\/ofmconv.net\/malta-assemblea-provinciale\/"},"modified":"2019-05-20T09:24:59","modified_gmt":"2019-05-20T07:24:59","slug":"malta-assemblea-provinciale","status":"publish","type":"post","link":"https:\/\/www.ofmconv.net\/es\/malta-assemblea-provinciale\/","title":{"rendered":"Malta: asamblea provincial"},"content":{"rendered":"<p><strong>En preparaci\u00f3n al Cap\u00edtulo provincial ordinario que se celebrar\u00e1 en el mes de septiembre 2019, los frailes de la Provincia de San Pablo Ap\u00f3stol en Malta se reunieron en asamblea el d\u00eda 16 de mayo 2019.<\/strong><\/p>\n<p>El encuentro se llev\u00f3 a cabo en el Centro de Animaci\u00f3n y Comunicaci\u00f3n de Birkirkara. Los hermanos se reunieron para reflexionar sobre la vida y las actividades de la circunscripci\u00f3n; estuvieron presentes todos los frailes de la Provincia.<br \/>\nLas labores de esta asamblea dan el arranque al camino de discernimiento comunitario en torno al tema de la nueva evangelizaci\u00f3n, que guiar\u00e1 a los hermanos en las decisiones que deber\u00e1n tomarse en el pr\u00f3ximo Cap\u00edtulo y para su puesta por escrito en el pr\u00f3ximo proyecto provincial cuatrienal (PPC).<\/p>\n<p style=\"text-align: right;\">Fray Allister M. AQUILINA, OFMConv.<\/p>\nngg_shortcode_0_placeholder\n","protected":false},"excerpt":{"rendered":"<p>En preparaci\u00f3n al Cap\u00edtulo provincial ordinario que se celebrar\u00e1 en el mes de septiembre 2019, los frailes de la Provincia de San Pablo Ap\u00f3stol en Malta se reunieron en asamblea el d\u00eda 16 de mayo 2019. El encuentro se llev\u00f3 a cabo en el Centro de Animaci\u00f3n y Comunicaci\u00f3n de Birkirkara. Los hermanos se reunieron [&hellip;]<\/p>\n","protected":false},"author":1,"featured_media":15885,"comment_status":"closed","ping_status":"open","sticky":false,"template":"","format":"standard","meta":{"ngg_post_thumbnail":0,"footnotes":""},"categories":[133,116,150],"tags":[256,1333,1164],"class_list":["post-15889","post","type-post","status-publish","format-standard","has-post-thumbnail","category-federaciones","category-fimp-es","category-noticias","tag-asamblea","tag-assemblea-es","tag-malta-es"],"_links":{"self":[{"href":"https:\/\/www.ofmconv.net\/es\/wp-json\/wp\/v2\/posts\/15889","targetHints":{"allow":["GET"]}}],"collection":[{"href":"https:\/\/www.ofmconv.net\/es\/wp-json\/wp\/v2\/posts"}],"about":[{"href":"https:\/\/www.ofmconv.net\/es\/wp-json\/wp\/v2\/types\/post"}],"author":[{"embeddable":true,"href":"https:\/\/www.ofmconv.net\/es\/wp-json\/wp\/v2\/users\/1"}],"replies":[{"embeddable":true,"href":"https:\/\/www.ofmconv.net\/es\/wp-json\/wp\/v2\/comments?post=15889"}],"version-history":[{"count":0,"href":"https:\/\/www.ofmconv.net\/es\/wp-json\/wp\/v2\/posts\/15889\/revisions"}],"wp:featuredmedia":[{"embeddable":true,"href":"https:\/\/www.ofmconv.net\/es\/wp-json\/wp\/v2\/media\/15885"}],"wp:attachment":[{"href":"https:\/\/www.ofmconv.net\/es\/wp-json\/wp\/v2\/media?parent=15889"}],"wp:term":[{"taxonomy":"category","embeddable":true,"href":"https:\/\/www.ofmconv.net\/es\/wp-json\/wp\/v2\/categories?post=15889"},{"taxonomy":"post_tag","embeddable":true,"href":"https:\/\/www.ofmconv.net\/es\/wp-json\/wp\/v2\/tags?post=15889"}],"curies":[{"name":"wp","href":"https:\/\/api.w.org\/{rel}","templated":true}]}}