{"id":16335,"date":"2019-07-01T20:16:35","date_gmt":"2019-07-01T18:16:35","guid":{"rendered":"https:\/\/ofmconv.net\/kenya-nuovi-sacerdoti-nella-provincia\/"},"modified":"2019-07-01T20:24:54","modified_gmt":"2019-07-01T18:24:54","slug":"kenya-nuovi-sacerdoti-nella-provincia","status":"publish","type":"post","link":"https:\/\/www.ofmconv.net\/es\/kenya-nuovi-sacerdoti-nella-provincia\/","title":{"rendered":"Kenia: nuevos sacerdotes en la Provincia"},"content":{"rendered":"<p><strong>El d\u00eda 29 de junio de 2019, en la Solemnidad de los Santos Pedro y Pablo, los Frailes de la recientemente erigida nueva Provincia de Kenia, han experimentado una gran alegr\u00eda.<\/strong><\/p>\n<p>Tres de sus miembros han recibido la Ordenaci\u00f3n Sacerdotal: Fray Paul Njoroge KIMANI, Fray Vincent Onyango OKUMU y Fray Joseph Nyaga KIBONGE.<br \/>\nLa celebraci\u00f3n tuvo lugar en la parroquia de Naivasha (a 90 km de Nairobi) y ha sido presidida por S.E. Mons. Maurice Muhatia MAKUMBA, obispo de la di\u00f3cesis de Nakuru.<br \/>\nEn la celebraci\u00f3n han participado casi todos los Frailes de la Provincia, as\u00ed como numerosos fieles laicos.<br \/>\nLa jurisdicci\u00f3n de Kenia, fundada en el 1984 como Misi\u00f3n de la Provincia Madre de Dios Inmaculada en Polonia (Varsovia), en el 1986 pas\u00f3 a ser de la Provincia de San Maximiliano Kolbe en Polonia (Gdansk), y en el \u00faltimo Cap\u00edtulo general ordinario, el 8 de junio de 2019, ha sido erigida como Provincia (por aclamaci\u00f3n de todos los Capitulares).<br \/>\nEl 23 de septiembre pr\u00f3ximo, la Provincia celebrar\u00e1 su primer Cap\u00edtulo provincial, para elegir a su primer Ministro provincial.<br \/>\nHoy en d\u00eda, en Kenia hay m\u00e1s de 40 frailes de votos solemnes y alrededor de 40 frailes en formaci\u00f3n inicial.<\/p>\n<p><iframe loading=\"lazy\" title=\"Kenya, 2019-06-29\" width=\"696\" height=\"392\" src=\"https:\/\/www.youtube.com\/embed\/-CMaMMR7unI?wmode=transparent&amp;rel=0&amp;feature=oembed\" frameborder=\"0\" allow=\"accelerometer; autoplay; clipboard-write; encrypted-media; gyroscope; picture-in-picture; web-share\" referrerpolicy=\"strict-origin-when-cross-origin\" allowfullscreen><\/iframe><\/p>\nngg_shortcode_0_placeholder\n","protected":false},"excerpt":{"rendered":"<p>El d\u00eda 29 de junio de 2019, en la Solemnidad de los Santos Pedro y Pablo, los Frailes de la recientemente erigida nueva Provincia de Kenia, han experimentado una gran alegr\u00eda. Tres de sus miembros han recibido la Ordenaci\u00f3n Sacerdotal: Fray Paul Njoroge KIMANI, Fray Vincent Onyango OKUMU y Fray Joseph Nyaga KIBONGE. La celebraci\u00f3n [&hellip;]<\/p>\n","protected":false},"author":1,"featured_media":16331,"comment_status":"closed","ping_status":"open","sticky":false,"template":"","format":"standard","meta":{"ngg_post_thumbnail":0,"footnotes":""},"categories":[99,133,150],"tags":[1158,1794,1167,731,1682],"class_list":["post-16335","post","type-post","status-publish","format-standard","has-post-thumbnail","category-afcof-es","category-federaciones","category-noticias","tag-kenia-es","tag-kenya-es","tag-ordenacion","tag-ordenacion-presbiteral","tag-ordinazione-sacerdotale-es"],"_links":{"self":[{"href":"https:\/\/www.ofmconv.net\/es\/wp-json\/wp\/v2\/posts\/16335","targetHints":{"allow":["GET"]}}],"collection":[{"href":"https:\/\/www.ofmconv.net\/es\/wp-json\/wp\/v2\/posts"}],"about":[{"href":"https:\/\/www.ofmconv.net\/es\/wp-json\/wp\/v2\/types\/post"}],"author":[{"embeddable":true,"href":"https:\/\/www.ofmconv.net\/es\/wp-json\/wp\/v2\/users\/1"}],"replies":[{"embeddable":true,"href":"https:\/\/www.ofmconv.net\/es\/wp-json\/wp\/v2\/comments?post=16335"}],"version-history":[{"count":0,"href":"https:\/\/www.ofmconv.net\/es\/wp-json\/wp\/v2\/posts\/16335\/revisions"}],"wp:featuredmedia":[{"embeddable":true,"href":"https:\/\/www.ofmconv.net\/es\/wp-json\/wp\/v2\/media\/16331"}],"wp:attachment":[{"href":"https:\/\/www.ofmconv.net\/es\/wp-json\/wp\/v2\/media?parent=16335"}],"wp:term":[{"taxonomy":"category","embeddable":true,"href":"https:\/\/www.ofmconv.net\/es\/wp-json\/wp\/v2\/categories?post=16335"},{"taxonomy":"post_tag","embeddable":true,"href":"https:\/\/www.ofmconv.net\/es\/wp-json\/wp\/v2\/tags?post=16335"}],"curies":[{"name":"wp","href":"https:\/\/api.w.org\/{rel}","templated":true}]}}