{"id":16677,"date":"2019-07-15T08:21:25","date_gmt":"2019-07-15T06:21:25","guid":{"rendered":"https:\/\/ofmconv.net\/spagna-capitolo-spirituale\/"},"modified":"2019-07-15T08:29:34","modified_gmt":"2019-07-15T06:29:34","slug":"spagna-capitolo-spirituale","status":"publish","type":"post","link":"https:\/\/www.ofmconv.net\/es\/spagna-capitolo-spirituale\/","title":{"rendered":"Espa\u00f1a: el Cap\u00edtulo Espiritual"},"content":{"rendered":"<p><strong>En la Casa de Espiritualidad de los Capuchinos \u201cCristo de El Pardo\u201d de Madrid se ha celebrado el Cap\u00edtulo Espiritual de la Provincia de Espa\u00f1a, bajo el lema \u201cPara mejor vivir el santo Evangelio: Una mirada a las Constituciones Renovadas\u201d durante los d\u00edas 1 al 3 de julio 2019.<\/strong><\/p>\n<p>Hemos profundizado en el sentido hist\u00f3rico de las diversas Constituciones de la Orden OFM Conv, a cargo de Fray Valent\u00edn REDONDO, con su ponencia: <em>\u201c\u00bfDe d\u00f3nde venimos y d\u00f3nde estamos? Recorrido hist\u00f3rico de las Constituciones\u201d.<br \/>\n<\/em>Fra V\u00edctor MORA MES\u00c9N OFM Conv nos ha introducido en las novedades del texto aprobado de las Constituciones Renovadas, con la ponencia: <em>\u201c\u00bfQu\u00e9 hay de novedad? Intuiciones b\u00e1sicas del nuevo texto\u201d.<br \/>\n<\/em>Hemos aterrizado en la realidad FIMP con el ponente Fray Joaqu\u00edn AGESTA QUEVAS OFM Conv, Asistente General FIMP cesante, con la ponencia: \u201c<em>De la letra a la vida: Encarnaci\u00f3n del texto en la realidad FIMP<\/em>\u201d.<br \/>\nFray Francesco RAVAIOLI OFM Conv, nos ha puesto ante los retos que plantea el ser franciscanos conventuales en el siglo XXI, con la ponencia: \u201c<em>Atreveos a so\u00f1ar. Hermanos Menores del siglo XXI<\/em>\u201d.<br \/>\nTras unos ecos por parte de los participantes en el Cap\u00edtulo Extraordinario sobre la Renovaci\u00f3n de las Constituciones y en el Cap\u00edtulo General Ordinario, se pas\u00f3 a un compartir sobre la realidad de la provincia de Espa\u00f1a dentro de la FIMP.<\/p>\n<p style=\"text-align: right;\">Fray Miguel \u00c1ngel MARCOS MARCOS, Secretario Provincial<\/p>\nngg_shortcode_0_placeholder\n","protected":false},"excerpt":{"rendered":"<p>En la Casa de Espiritualidad de los Capuchinos \u201cCristo de El Pardo\u201d de Madrid se ha celebrado el Cap\u00edtulo Espiritual de la Provincia de Espa\u00f1a, bajo el lema \u201cPara mejor vivir el santo Evangelio: Una mirada a las Constituciones Renovadas\u201d durante los d\u00edas 1 al 3 de julio 2019. Hemos profundizado en el sentido hist\u00f3rico [&hellip;]<\/p>\n","protected":false},"author":1,"featured_media":16673,"comment_status":"closed","ping_status":"open","sticky":false,"template":"","format":"standard","meta":{"ngg_post_thumbnail":0,"footnotes":""},"categories":[133,116,150],"tags":[1051,901,1811],"class_list":["post-16677","post","type-post","status-publish","format-standard","has-post-thumbnail","category-federaciones","category-fimp-es","category-noticias","tag-espana","tag-spagna-es"],"_links":{"self":[{"href":"https:\/\/www.ofmconv.net\/es\/wp-json\/wp\/v2\/posts\/16677","targetHints":{"allow":["GET"]}}],"collection":[{"href":"https:\/\/www.ofmconv.net\/es\/wp-json\/wp\/v2\/posts"}],"about":[{"href":"https:\/\/www.ofmconv.net\/es\/wp-json\/wp\/v2\/types\/post"}],"author":[{"embeddable":true,"href":"https:\/\/www.ofmconv.net\/es\/wp-json\/wp\/v2\/users\/1"}],"replies":[{"embeddable":true,"href":"https:\/\/www.ofmconv.net\/es\/wp-json\/wp\/v2\/comments?post=16677"}],"version-history":[{"count":0,"href":"https:\/\/www.ofmconv.net\/es\/wp-json\/wp\/v2\/posts\/16677\/revisions"}],"wp:featuredmedia":[{"embeddable":true,"href":"https:\/\/www.ofmconv.net\/es\/wp-json\/wp\/v2\/media\/16673"}],"wp:attachment":[{"href":"https:\/\/www.ofmconv.net\/es\/wp-json\/wp\/v2\/media?parent=16677"}],"wp:term":[{"taxonomy":"category","embeddable":true,"href":"https:\/\/www.ofmconv.net\/es\/wp-json\/wp\/v2\/categories?post=16677"},{"taxonomy":"post_tag","embeddable":true,"href":"https:\/\/www.ofmconv.net\/es\/wp-json\/wp\/v2\/tags?post=16677"}],"curies":[{"name":"wp","href":"https:\/\/api.w.org\/{rel}","templated":true}]}}