{"id":17854,"date":"2019-09-06T12:21:41","date_gmt":"2019-09-06T10:21:41","guid":{"rendered":"https:\/\/ofmconv.net\/calabria-capitolo-custodiale-ordinario-parte-i\/"},"modified":"2019-09-06T12:26:43","modified_gmt":"2019-09-06T10:26:43","slug":"calabria-capitolo-custodiale-ordinario-parte-i","status":"publish","type":"post","link":"https:\/\/www.ofmconv.net\/es\/calabria-capitolo-custodiale-ordinario-parte-i\/","title":{"rendered":"Calabria: Cap\u00edtulo custodial ordinario \u2013 parte I"},"content":{"rendered":"<p><strong>Del 2 al 5 de septiembre 2019, en la estructura de hospedaje \u201cLa Tonnara\u201d en Amantea (CS), se ha realizado el Cap\u00edtulo custodial ordinario de la Custodia provincial de los Santos Daniel y Compa\u00f1eros M\u00e1rtires en Italia (Calabria).<\/strong><\/p>\n<p>El Ministro provincial de N\u00e1poles Fray Cosimo M. Michele ANTONINO ha presidido el Cap\u00edtulo, colaborado por el Asistente general FIMP (Federaci\u00f3n Intermediterranea Ministri Provinciali) Fray Giovanni VOLTAN. Tambi\u00e9n estuvieron presentes el precedente Asistente general FIMP Fray Joaqu\u00edn \u00c1ngel AGESTA CUEVAS, el Secretario provincial de N\u00e1poles Fray Giorgio TUFANO y el Procurador de la Orden Fray Maurizio DI PAOLO.<br \/>\nComo primer momento del Cap\u00edtulo se tuvo una reflexi\u00f3n compartida por Fray Ippolito FORTINO OFMCap, con la relaci\u00f3n \u201cSer para los otros y con los otros, como itinerantes \u00abperegrinos y forasteros en este mundo\u00bb de movilidad (Regla bulada VI, 2)\u201d. En el momento de la apertura e inicio de los trabajos capitulares se dio lectura en asamblea a una carta enviada a los hermanos de Calabria por parte de Fray Gaspare LA BARBERA Ministro provincial de la Provincia de las Santas \u00c1gueda y Luc\u00eda en Italia (Sicilia). Despu\u00e9s de haberse dado lectura a las Relaciones previstas por el Directorio despu\u00e9s del intercambio, fueron elegidas las l\u00edneas de trabajo para la segunda parte y para el Proyecto custodial cuatrienal.<br \/>\nAprovechando la ocasi\u00f3n de contar con la presencia del Procurador general, el mismo present\u00f3 el itinerario que deber\u00e1n cumplir tanto la Custodia de Calabria como la Provincia de Sicilia, ambas ya en marcha hacia la unificaci\u00f3n, a la luz de la Moci\u00f3n n. 15 del pasado Cap\u00edtulo general ordinario.<br \/>\nEl 4 de septiembre se tuvo la elecci\u00f3n del Custodio provincial: ha resultado elegido con amplia mayor\u00eda Fray Giorgio M. TASSONE. Tambi\u00e9n han sido elegidos: Fray Paolo SERGI Vicario custodial y Definidor, Fray Piotr ANZULEWICZ Secretario custodial y Definidor, Fray Ilario SCALI Definidor y Fray Rocco PREDOTI Definidor.<br \/>\nEn el \u00faltimo d\u00eda, el Cap\u00edtulo ha dado la bienvenida a Fray Gaspare LA BARBERA, Cec\u00e8 ALAMPI Ministro regional OFS y Giuseppe IEPPARIELLO Presidente regional JuFra.<br \/>\nLa segunda parte del Cap\u00edtulo ha sido convocada para el 7 de octubre de 2019.<\/p>\n<p style=\"text-align: right;\">Fray Rocco PREDOTI, Secretario del Cap\u00edtulo.<\/p>\nngg_shortcode_0_placeholder\n","protected":false},"excerpt":{"rendered":"<p>Del 2 al 5 de septiembre 2019, en la estructura de hospedaje \u201cLa Tonnara\u201d en Amantea (CS), se ha realizado el Cap\u00edtulo custodial ordinario de la Custodia provincial de los Santos Daniel y Compa\u00f1eros M\u00e1rtires en Italia (Calabria). El Ministro provincial de N\u00e1poles Fray Cosimo M. Michele ANTONINO ha presidido el Cap\u00edtulo, colaborado por el [&hellip;]<\/p>\n","protected":false},"author":1,"featured_media":17850,"comment_status":"closed","ping_status":"open","sticky":false,"template":"","format":"standard","meta":{"ngg_post_thumbnail":0,"footnotes":""},"categories":[133,116,150],"tags":[198,1553,1822,1597],"class_list":["post-17854","post","type-post","status-publish","format-standard","has-post-thumbnail","category-federaciones","category-fimp-es","category-noticias","tag-capitulo","tag-italia-es","tag-italia-calabria-es-2","tag-italia-calabria-es"],"_links":{"self":[{"href":"https:\/\/www.ofmconv.net\/es\/wp-json\/wp\/v2\/posts\/17854","targetHints":{"allow":["GET"]}}],"collection":[{"href":"https:\/\/www.ofmconv.net\/es\/wp-json\/wp\/v2\/posts"}],"about":[{"href":"https:\/\/www.ofmconv.net\/es\/wp-json\/wp\/v2\/types\/post"}],"author":[{"embeddable":true,"href":"https:\/\/www.ofmconv.net\/es\/wp-json\/wp\/v2\/users\/1"}],"replies":[{"embeddable":true,"href":"https:\/\/www.ofmconv.net\/es\/wp-json\/wp\/v2\/comments?post=17854"}],"version-history":[{"count":0,"href":"https:\/\/www.ofmconv.net\/es\/wp-json\/wp\/v2\/posts\/17854\/revisions"}],"wp:featuredmedia":[{"embeddable":true,"href":"https:\/\/www.ofmconv.net\/es\/wp-json\/wp\/v2\/media\/17850"}],"wp:attachment":[{"href":"https:\/\/www.ofmconv.net\/es\/wp-json\/wp\/v2\/media?parent=17854"}],"wp:term":[{"taxonomy":"category","embeddable":true,"href":"https:\/\/www.ofmconv.net\/es\/wp-json\/wp\/v2\/categories?post=17854"},{"taxonomy":"post_tag","embeddable":true,"href":"https:\/\/www.ofmconv.net\/es\/wp-json\/wp\/v2\/tags?post=17854"}],"curies":[{"name":"wp","href":"https:\/\/api.w.org\/{rel}","templated":true}]}}