{"id":17942,"date":"2019-09-10T15:16:35","date_gmt":"2019-09-10T13:16:35","guid":{"rendered":"https:\/\/ofmconv.net\/roma-assemblea-federale-delle-clarisse-urbaniste\/"},"modified":"2019-09-10T15:21:27","modified_gmt":"2019-09-10T13:21:27","slug":"roma-assemblea-federale-delle-clarisse-urbaniste","status":"publish","type":"post","link":"https:\/\/www.ofmconv.net\/es\/roma-assemblea-federale-delle-clarisse-urbaniste\/","title":{"rendered":"Roma: asamblea federal de las Clarisas Urbanistas"},"content":{"rendered":"<p><strong>Del 1 al 7 de septiembre de 2019 en el Colegio Internacional Seraphicum de Roma, se ha realizado la XI Asamblea federal ordinaria de las hermanas Clarisas Urbanistas.<\/strong><\/p>\n<p>Los primeros dos d\u00edas han sido dedicados a la reflexi\u00f3n, guiada por Fray Giancarlo PARIS de la Provincia Italiana de San Antonio de Padua (Italia-Norte); tuvieron tambi\u00e9n la Celebraci\u00f3n Eucar\u00edstica en la capilla de las Peque\u00f1as Hermanas de Jes\u00fas de <em>Tre Fontane<\/em> y la escucha del testimonio de una de ellas.<br \/>\nLa primera parte de la Asamblea estuvo dedicada a la lectura de las relaciones sobre el sexenio transcurrido, por parte de la Presidenta federal, de la Ec\u00f3noma federal y de las Abadesas o Delegadas de los diversos Monasterios.<br \/>\nEl 5 de septiembre se tuvo la elecci\u00f3n de la Presidenta de la Federaci\u00f3n, presidida por el Delegado general para la Segunda Orden y los Institutos agregados Fray Germano TOGNETTI, en la cual result\u00f3 re-elegida para un sexenio m\u00e1s Sor M. Damiana ARDESI del Monasterio de Montone (PG). El d\u00eda siguiente, Sor Damiana ha presidido la elecci\u00f3n del Consejo federal, donde resultaron elegidas: Sor Annachiara GIOVANARDI (Forl\u00ec-FC) como Primer Consejera y Secretaria federal, Sor Mariangela BAGNOLINI (Eremitorio Montepaolo-FC) como Segunda Consejera, Sor M. Ester BOA\u015e\u0102 (Ravello \u2013 SA) como Tercer Consejera, Sor Chiara Elisabetta DEMURTAS (Oristano) como Cuarta Consejera, Sor Ave Maria CARLETTI (Osimo \u2013 AN) como Ec\u00f3noma federal.<br \/>\nPor la tarde del d\u00eda viernes 6 de septiembre, Fray Maurizio DI PAOLO Procurador general, estuvo disponible para explicar a las hermanas reunidas en asamblea las orientaciones de la Congregaci\u00f3n para los Institutos de Vida Consagrada y las Sociedades de Vida Apost\u00f3lica sobre: \u201cEconom\u00eda al servicio del carisma y de la misi\u00f3n\u201d, y para responder a sus preguntas.<br \/>\nAgradecemos a Dios por el don de la comuni\u00f3n experimentada durante estos d\u00edas, por la disponibilidad al servicio por parte de Sor Damiana y las otras hermanas elegidas, y por la participaci\u00f3n responsable de cada una de ellas. Que con la intercesi\u00f3n de Santa Clara y San Francisco, el Se\u00f1or conceda a las hermanas recorrer alegremente sus senderos.<\/p>\n<p style=\"text-align: right;\">Sor Annachiara GIOVANARDI, Secretaria federal.<\/p>\nngg_shortcode_0_placeholder\n","protected":false},"excerpt":{"rendered":"<p>Del 1 al 7 de septiembre de 2019 en el Colegio Internacional Seraphicum de Roma, se ha realizado la XI Asamblea federal ordinaria de las hermanas Clarisas Urbanistas. Los primeros dos d\u00edas han sido dedicados a la reflexi\u00f3n, guiada por Fray Giancarlo PARIS de la Provincia Italiana de San Antonio de Padua (Italia-Norte); tuvieron tambi\u00e9n [&hellip;]<\/p>\n","protected":false},"author":1,"featured_media":17938,"comment_status":"closed","ping_status":"open","sticky":false,"template":"","format":"standard","meta":{"ngg_post_thumbnail":0,"footnotes":""},"categories":[348,150,136],"tags":[294,1553,941,338,1725],"class_list":["post-17942","post","type-post","status-publish","format-standard","has-post-thumbnail","category-ii-orden","category-noticias","category-oficinas-generales","tag-clarisas","tag-italia-es","tag-roma-es","tag-seraphicum-es","tag-seraphicum-2-es"],"_links":{"self":[{"href":"https:\/\/www.ofmconv.net\/es\/wp-json\/wp\/v2\/posts\/17942","targetHints":{"allow":["GET"]}}],"collection":[{"href":"https:\/\/www.ofmconv.net\/es\/wp-json\/wp\/v2\/posts"}],"about":[{"href":"https:\/\/www.ofmconv.net\/es\/wp-json\/wp\/v2\/types\/post"}],"author":[{"embeddable":true,"href":"https:\/\/www.ofmconv.net\/es\/wp-json\/wp\/v2\/users\/1"}],"replies":[{"embeddable":true,"href":"https:\/\/www.ofmconv.net\/es\/wp-json\/wp\/v2\/comments?post=17942"}],"version-history":[{"count":0,"href":"https:\/\/www.ofmconv.net\/es\/wp-json\/wp\/v2\/posts\/17942\/revisions"}],"wp:featuredmedia":[{"embeddable":true,"href":"https:\/\/www.ofmconv.net\/es\/wp-json\/wp\/v2\/media\/17938"}],"wp:attachment":[{"href":"https:\/\/www.ofmconv.net\/es\/wp-json\/wp\/v2\/media?parent=17942"}],"wp:term":[{"taxonomy":"category","embeddable":true,"href":"https:\/\/www.ofmconv.net\/es\/wp-json\/wp\/v2\/categories?post=17942"},{"taxonomy":"post_tag","embeddable":true,"href":"https:\/\/www.ofmconv.net\/es\/wp-json\/wp\/v2\/tags?post=17942"}],"curies":[{"name":"wp","href":"https:\/\/api.w.org\/{rel}","templated":true}]}}