{"id":18016,"date":"2019-09-12T17:06:00","date_gmt":"2019-09-12T15:06:00","guid":{"rendered":"https:\/\/ofmconv.net\/il-pro-vicario-uninterpretazione-autentica-delle-costituzioni\/"},"modified":"2019-11-09T10:56:52","modified_gmt":"2019-11-09T09:56:52","slug":"il-pro-vicario-uninterpretazione-autentica-delle-costituzioni","status":"publish","type":"post","link":"https:\/\/www.ofmconv.net\/es\/il-pro-vicario-uninterpretazione-autentica-delle-costituzioni\/","title":{"rendered":"El Pro Vicario: una interpretaci\u00f3n aut\u00e9ntica de las Constituciones"},"content":{"rendered":"<p><strong>Sucede que, si el Ministro provincial por alguna raz\u00f3n cesa en su oficio, el Vicario provincial toma su lugar, manteniendo el mismo t\u00edtulo de Vicario hasta el pr\u00f3ximo Cap\u00edtulo ordinario (Const. n. 218). <\/strong><\/p>\n<p>Entonces surge la cuesti\u00f3n: \u00bfqui\u00e9n tomar\u00e1 el oficio de Vicario provincial, ya que este se ha convertido en el Superior provincial y Vicario regente?<br \/>\nPara los otros oficios vacantes, las Constituciones establecen que: <em>Producida una vacante fuera del Cap\u00edtulo, los Vicarios suceden por derecho en el oficio hasta la nueva elecci\u00f3n; para los otros oficios provee el respectivo Ministro con su Definitorio <\/em>(Const. 190 \u00a71).<br \/>\nAnte la duda, la Procuraci\u00f3n general, por mandato del Ministro general, ha considerado oportuno pedir una interpretaci\u00f3n autorizada a la Congregaci\u00f3n para los Institutos de Vida Consagrada y las Sociedades de Vida Apost\u00f3lica, sobre la facultad para nombrar en estos casos a un \u201cpro-Vicario\u201d.<br \/>\nEl Arzobispo Secretario ha respondido mediante carta del 27 de agosto de 2019, en la cual confirma que el oficio de \u201cpro-Vicario\u201d resulta en conformidad con las disposiciones del Derecho propio y universal, y agrega que <em>el Ministro general con su Definitorio se ocupar\u00e1 de tal designaci\u00f3n <\/em>(Prot. 44 938\/2018).<br \/>\nEn consecuencia, las Provincias que en el presente no cuentan con el Ministro provincial, pero que son guiadas por el Vicario provincial, mediante los Superiores provinciales pueden presentar uno o m\u00e1s Definidores id\u00f3neos para ocupar el oficio de \u201cpro Vicario\u201d, para que el Ministro general con su Definitorio proceda a la designaci\u00f3n mediante elecci\u00f3n.<br \/>\nLas Custodias pueden seguir este mismo procedimiento, en cuyo caso los Superiores custodiales deber\u00e1n dirigirse al propio Ministro provincial, mismo que -junto con su Definitorio- elegir\u00e1 al \u201cpro-Vicario\u201d custodial.<br \/>\nDe m\u00e1s est\u00e1 recordar que el \u201cpro-Vicario\u201d elegido gozar\u00e1 de potestad ordinaria, puesto que es en efecto Vicario del Superior Mayor (CIC can. 134 \u00a71).<\/p>\n<p style=\"text-align: right;\">Fray Maurizio DI PAOLO<br \/>\nProcurador general<\/p>\nngg_shortcode_0_placeholder\n","protected":false},"excerpt":{"rendered":"<p>Sucede que, si el Ministro provincial por alguna raz\u00f3n cesa en su oficio, el Vicario provincial toma su lugar, manteniendo el mismo t\u00edtulo de Vicario hasta el pr\u00f3ximo Cap\u00edtulo ordinario (Const. n. 218). Entonces surge la cuesti\u00f3n: \u00bfqui\u00e9n tomar\u00e1 el oficio de Vicario provincial, ya que este se ha convertido en el Superior provincial y [&hellip;]<\/p>\n","protected":false},"author":1,"featured_media":18012,"comment_status":"closed","ping_status":"open","sticky":false,"template":"","format":"standard","meta":{"ngg_post_thumbnail":0,"footnotes":""},"categories":[150,146,136,1974],"tags":[864,1888,1886],"class_list":["post-18016","post","type-post","status-publish","format-standard","has-post-thumbnail","category-noticias","category-ufficio-comunicazioni-es","category-oficinas-generales","category-procurador","tag-constituciones","tag-procurador","tag-procuratore-es"],"_links":{"self":[{"href":"https:\/\/www.ofmconv.net\/es\/wp-json\/wp\/v2\/posts\/18016","targetHints":{"allow":["GET"]}}],"collection":[{"href":"https:\/\/www.ofmconv.net\/es\/wp-json\/wp\/v2\/posts"}],"about":[{"href":"https:\/\/www.ofmconv.net\/es\/wp-json\/wp\/v2\/types\/post"}],"author":[{"embeddable":true,"href":"https:\/\/www.ofmconv.net\/es\/wp-json\/wp\/v2\/users\/1"}],"replies":[{"embeddable":true,"href":"https:\/\/www.ofmconv.net\/es\/wp-json\/wp\/v2\/comments?post=18016"}],"version-history":[{"count":0,"href":"https:\/\/www.ofmconv.net\/es\/wp-json\/wp\/v2\/posts\/18016\/revisions"}],"wp:featuredmedia":[{"embeddable":true,"href":"https:\/\/www.ofmconv.net\/es\/wp-json\/wp\/v2\/media\/18012"}],"wp:attachment":[{"href":"https:\/\/www.ofmconv.net\/es\/wp-json\/wp\/v2\/media?parent=18016"}],"wp:term":[{"taxonomy":"category","embeddable":true,"href":"https:\/\/www.ofmconv.net\/es\/wp-json\/wp\/v2\/categories?post=18016"},{"taxonomy":"post_tag","embeddable":true,"href":"https:\/\/www.ofmconv.net\/es\/wp-json\/wp\/v2\/tags?post=18016"}],"curies":[{"name":"wp","href":"https:\/\/api.w.org\/{rel}","templated":true}]}}