{"id":18297,"date":"2019-09-20T15:14:33","date_gmt":"2019-09-20T13:14:33","guid":{"rendered":"https:\/\/ofmconv.net\/gli-apostoli-filippo-e-giacomo-in-argentina\/"},"modified":"2019-09-20T15:21:01","modified_gmt":"2019-09-20T13:21:01","slug":"gli-apostoli-filippo-e-giacomo-in-argentina","status":"publish","type":"post","link":"https:\/\/www.ofmconv.net\/es\/gli-apostoli-filippo-e-giacomo-in-argentina\/","title":{"rendered":"Los Ap\u00f3stoles Felipe y Santiago en Argentina"},"content":{"rendered":"<p><strong>Del 6 al 15 de septiembre de 2019, bajo la invitaci\u00f3n del Arzobispo metropolita Mons. Mario CARGNELLO, con permiso del Ministro general Fray Carlos Alberto TROVARELLI y con la autorizaci\u00f3n \u2013de pu\u00f1o y letra- del Papa Francisco, Fray Agnello STOIA P\u00e1rroco de la Bas\u00edlica de los Santos XII Ap\u00f3stoles en Roma, ha llevado a Salta \u2013 Argentina dos insignes reliquias de los Ap\u00f3stoles Felipe y Santiago. <\/strong><\/p>\n<p>Para la ocasi\u00f3n se realizaron dos esculturas en fibra de vidrio como relicarios para la Catedral, inspiradas en las pinturas de los dos santos ap\u00f3stoles que decoran la cripta de la Bas\u00edlica: Felipe con una cesta de peces y Santiago con una cesta de panes.<br \/>\nFelipe y Santiago son los patronos de la ciudad desde el momento de su fundaci\u00f3n (1592), por esta raz\u00f3n el escudo de la Catedral lleva la escrita <em>Pater et panis<\/em>. Rodeada por la cordillera de los Andes, a m\u00e1s de mil metros de altura, la ciudad ha siempre sufrido a causa de los violentos terremotos a lo largo de su historia, de los cuales tambi\u00e9n siempre ha salido ilesa por milagro. De hecho, una especial protecci\u00f3n la atribuyen a sus patronos, la Virgen del milagro (representada por una imagen de Mar\u00eda Inmaculada) y el Se\u00f1or del milagro (imagen de Cristo crucificado). La fiesta solemne se celebra del 13 al 15 de septiembre, precedida por un novenario de oraci\u00f3n y penitencia, que re\u00fane en Salta a millares y millares de peregrinos, que desde las monta\u00f1as recorren a pie cientos de kil\u00f3metros. Por este motivo, el Arzobispo ha querido que la llegada de las reliquias de los Ap\u00f3stoles coincidiese con esta grandiosa manifestaci\u00f3n de fe, que se concluye con una procesi\u00f3n en la cual participan aproximadamente 800,000 fieles.<br \/>\nRecuperar la memoria de los patronos Felipe y Santiago e insertarla en el contexto social, para Mons. CARGNELLO significa una oportunidad de nueva evangelizaci\u00f3n: as\u00ed como Felipe y Santiago abrieron camino a la Virgen y al Se\u00f1or crucificado en la historia de Salta, de la misma manera la presencia de sus reliquias brinda un nuevo impulso misionero para el anuncio del Evangelio en un contexto de pobreza y gran necesidad, en un momento hist\u00f3rico dif\u00edcil para esta regi\u00f3n. El Arzobispo ha recibido con gran cordialidad y agradecimiento a Fray Agnello, junto con Fray Simone SCHIAVONE de la comunidad de los Santos Ap\u00f3stoles en Roma, que lo ha acompa\u00f1ado en esta misi\u00f3n. Dicho prelado ha querido que nuestros hermanos visitasen la vasta zona de la regi\u00f3n para as\u00ed poder conocer tanto las bellezas como las heridas del territorio. \u00c9l mismo los acompa\u00f1\u00f3 a una localidad muy pobre de Salta, el Grande Norte, en la parroquia de Santa Mar\u00eda Reina de la Paz, donde visitaron a un ni\u00f1o con necesidades especiales y a su familia, en una casa puesta en pie con unos pocos ladrillos y una l\u00e1mina por techo. En medio de toda aquella pobreza resplandec\u00eda la dignidad de las personas y el sentido afecto hacia su Obispo, como uno de ellos.<br \/>\nDespu\u00e9s de la procesi\u00f3n solemne que concluy\u00f3 los festejos, en presencia de 850,000 personas, el Obispo ha agradecido al Ministro general y a la Orden de Frailes Menores Conventuales a nombre del clero, de los religiosos y de todo el pueblo, por el maravilloso don de las reliquias a la Catedral y ha anunciado que realizar\u00e1 una peregrinaci\u00f3n a Roma el pr\u00f3ximo a\u00f1o, para entregar a nuestra Bas\u00edlica una copia de la imagen del Se\u00f1or y de la Virgen del Milagro como signo de comuni\u00f3n.<\/p>\n<p style=\"text-align: right;\">Fray Agnello STOIA<\/p>\nngg_shortcode_0_placeholder\n","protected":false},"excerpt":{"rendered":"<p>Del 6 al 15 de septiembre de 2019, bajo la invitaci\u00f3n del Arzobispo metropolita Mons. Mario CARGNELLO, con permiso del Ministro general Fray Carlos Alberto TROVARELLI y con la autorizaci\u00f3n \u2013de pu\u00f1o y letra- del Papa Francisco, Fray Agnello STOIA P\u00e1rroco de la Bas\u00edlica de los Santos XII Ap\u00f3stoles en Roma, ha llevado a Salta [&hellip;]<\/p>\n","protected":false},"author":1,"featured_media":18293,"comment_status":"closed","ping_status":"open","sticky":false,"template":"","format":"standard","meta":{"ngg_post_thumbnail":0,"footnotes":""},"categories":[150,146],"tags":[1892,1893,1357],"class_list":["post-18297","post","type-post","status-publish","format-standard","has-post-thumbnail","category-noticias","category-ufficio-comunicazioni-es","tag-argentina-es","tag-santi-xii-apostoli-es","tag-ss-xii-apostoles"],"_links":{"self":[{"href":"https:\/\/www.ofmconv.net\/es\/wp-json\/wp\/v2\/posts\/18297","targetHints":{"allow":["GET"]}}],"collection":[{"href":"https:\/\/www.ofmconv.net\/es\/wp-json\/wp\/v2\/posts"}],"about":[{"href":"https:\/\/www.ofmconv.net\/es\/wp-json\/wp\/v2\/types\/post"}],"author":[{"embeddable":true,"href":"https:\/\/www.ofmconv.net\/es\/wp-json\/wp\/v2\/users\/1"}],"replies":[{"embeddable":true,"href":"https:\/\/www.ofmconv.net\/es\/wp-json\/wp\/v2\/comments?post=18297"}],"version-history":[{"count":0,"href":"https:\/\/www.ofmconv.net\/es\/wp-json\/wp\/v2\/posts\/18297\/revisions"}],"wp:featuredmedia":[{"embeddable":true,"href":"https:\/\/www.ofmconv.net\/es\/wp-json\/wp\/v2\/media\/18293"}],"wp:attachment":[{"href":"https:\/\/www.ofmconv.net\/es\/wp-json\/wp\/v2\/media?parent=18297"}],"wp:term":[{"taxonomy":"category","embeddable":true,"href":"https:\/\/www.ofmconv.net\/es\/wp-json\/wp\/v2\/categories?post=18297"},{"taxonomy":"post_tag","embeddable":true,"href":"https:\/\/www.ofmconv.net\/es\/wp-json\/wp\/v2\/tags?post=18297"}],"curies":[{"name":"wp","href":"https:\/\/api.w.org\/{rel}","templated":true}]}}