{"id":18636,"date":"2019-09-15T11:32:18","date_gmt":"2019-09-15T09:32:18","guid":{"rendered":"https:\/\/ofmconv.net\/giappone-assemblea-provinciale-2\/"},"modified":"2019-10-01T11:39:51","modified_gmt":"2019-10-01T09:39:51","slug":"giappone-assemblea-provinciale-2","status":"publish","type":"post","link":"https:\/\/www.ofmconv.net\/es\/giappone-assemblea-provinciale-2\/","title":{"rendered":"Jap\u00f3n: asamblea provincial"},"content":{"rendered":"<p><strong>La Provincia de la Inmaculada Concepci\u00f3n de la B.V.M. en Jap\u00f3n ha celebrado la asamblea provincial en el Convento de Seibo-no-Kishi \u2013 Nagasaki, del 10 al 12 de septiembre.<\/strong><\/p>\n<p>Estuvieron presentes aproximadamente 30 profesos solemnes, adem\u00e1s de 4 Profesos temporales de los cuales uno profes\u00f3 el 11 de septiembre corriente.<br \/>\nEn el primer d\u00eda, el Secretario provincial Fray Lucas TANIZAKI ha presentado las mociones aprobadas por el Cap\u00edtulo general ordinario de 2019, los cambios en las nuevas Constituciones y en los nuevos Estatutos generales.<br \/>\nEn el segundo d\u00eda, Fray Damian P\u0102TRA\u015eCU Postulador general, ha hablado sobre su servicio y puesto al d\u00eda sobre el proceso de Beatificaci\u00f3n de la Venerable Elisabetta Maria Satoko Kitahara. Por la tarde, el hermano japon\u00e9s Hiroshi KONISHI OFM, ha realizado una exposici\u00f3n sobre la Enc\u00edclica del Papa Francisco <em>Laudato Si<\/em>\u2019. Despu\u00e9s, durante la Santa Misa se tuvo la Profesi\u00f3n temporal de Fray Giovanni Kaneko TAKAHIRO.<br \/>\nEn la Eucarist\u00eda del \u00faltimo d\u00eda los hermanos celebraron el 50\u00ba aniversario de Ordenaci\u00f3n de Fray Vincentius MATSUNAGA. Tambi\u00e9n el Obispo em\u00e9rito de la Di\u00f3cesis de Naha, Mons. Berard Toshio OSHIKAWA OFMConv, ha participado en esta fiesta.<\/p>\n<p style=\"text-align: right;\">Fray Benedetto BAEK, Asistente general FAMC.<\/p>\nngg_shortcode_0_placeholder\n","protected":false},"excerpt":{"rendered":"<p>La Provincia de la Inmaculada Concepci\u00f3n de la B.V.M. en Jap\u00f3n ha celebrado la asamblea provincial en el Convento de Seibo-no-Kishi \u2013 Nagasaki, del 10 al 12 de septiembre. Estuvieron presentes aproximadamente 30 profesos solemnes, adem\u00e1s de 4 Profesos temporales de los cuales uno profes\u00f3 el 11 de septiembre corriente. En el primer d\u00eda, el [&hellip;]<\/p>\n","protected":false},"author":1,"featured_media":18632,"comment_status":"closed","ping_status":"open","sticky":false,"template":"","format":"standard","meta":{"ngg_post_thumbnail":0,"footnotes":""},"categories":[112,133,150],"tags":[256,1333,968,969],"class_list":["post-18636","post","type-post","status-publish","format-standard","has-post-thumbnail","category-famc-es","category-federaciones","category-noticias","tag-asamblea","tag-assemblea-es","tag-giappone-es","tag-japon"],"_links":{"self":[{"href":"https:\/\/www.ofmconv.net\/es\/wp-json\/wp\/v2\/posts\/18636","targetHints":{"allow":["GET"]}}],"collection":[{"href":"https:\/\/www.ofmconv.net\/es\/wp-json\/wp\/v2\/posts"}],"about":[{"href":"https:\/\/www.ofmconv.net\/es\/wp-json\/wp\/v2\/types\/post"}],"author":[{"embeddable":true,"href":"https:\/\/www.ofmconv.net\/es\/wp-json\/wp\/v2\/users\/1"}],"replies":[{"embeddable":true,"href":"https:\/\/www.ofmconv.net\/es\/wp-json\/wp\/v2\/comments?post=18636"}],"version-history":[{"count":0,"href":"https:\/\/www.ofmconv.net\/es\/wp-json\/wp\/v2\/posts\/18636\/revisions"}],"wp:featuredmedia":[{"embeddable":true,"href":"https:\/\/www.ofmconv.net\/es\/wp-json\/wp\/v2\/media\/18632"}],"wp:attachment":[{"href":"https:\/\/www.ofmconv.net\/es\/wp-json\/wp\/v2\/media?parent=18636"}],"wp:term":[{"taxonomy":"category","embeddable":true,"href":"https:\/\/www.ofmconv.net\/es\/wp-json\/wp\/v2\/categories?post=18636"},{"taxonomy":"post_tag","embeddable":true,"href":"https:\/\/www.ofmconv.net\/es\/wp-json\/wp\/v2\/tags?post=18636"}],"curies":[{"name":"wp","href":"https:\/\/api.w.org\/{rel}","templated":true}]}}