{"id":19463,"date":"2019-10-17T18:15:45","date_gmt":"2019-10-17T16:15:45","guid":{"rendered":"https:\/\/ofmconv.net\/kenya-capitolo-provinciale-ordinario-parte-ii\/"},"modified":"2019-10-17T18:20:48","modified_gmt":"2019-10-17T16:20:48","slug":"kenya-capitolo-provinciale-ordinario-parte-ii","status":"publish","type":"post","link":"https:\/\/www.ofmconv.net\/es\/kenya-capitolo-provinciale-ordinario-parte-ii\/","title":{"rendered":"Kenia: Cap\u00edtulo provincial ordinario \u2013 parte II"},"content":{"rendered":"<p><strong>El lunes 14 de octubre de 2019, en el Santuario nacional de Subukia y Convento de Mar\u00eda Madre de Dios, comenz\u00f3 la segunda parte del 1\u00ba Cap\u00edtulo provincial ordinario de la Provincia de San Francisco de As\u00eds en Kenia. Ha sido presidido por el neo-elegido 1\u00ba Ministro provincial Fray Obed KAROBIA, en presencia del Delegado del Ministro general para este encuentro Fray Tadeusz \u015aWI\u0104TKOWSKI. Han participado 35 Profesos solemnes de la Provincia.<\/strong><\/p>\n<p>El Cap\u00edtulo se ha desarrollado en un clima fraterno, alegre y en un esp\u00edritu de grande responsabilidad. Los capitulares han examinado la vida de la comunidad y el apostolado realizado: promoci\u00f3n vocacional, formaci\u00f3n de los candidatos y de los frailes j\u00f3venes, centros espirituales y casas de ejercicios, atenci\u00f3n de peregrinos en el Santuario de Subukia, medios de comunicaci\u00f3n y editorial, centros m\u00e9dicos, centro para los ni\u00f1os \u201cde la calle\u201d, educaci\u00f3n de los j\u00f3venes en las escuelas, ense\u00f1anza de filosof\u00eda y teolog\u00eda en las Universidades, ministerio parroquial, etc.<br \/>\nDespu\u00e9s del an\u00e1lisis realizado se aprob\u00f3 el proyecto provincial Cuatrienal (PPC) y se tomaron algunas decisiones:<br \/>\n1. Promover el esp\u00edritu misionero entre los hermanos y los fieles en los centros pastorales de la Provincia, especialmente en el Santuario de Subukia.<br \/>\n2. Abrir otras presencias para poder servir mejor la Iglesia del Kenia y promover el carisma franciscano.<br \/>\n3. Cu\u00e1nto contribuir por parte de cada comunidad y de cada hermano, a los fondos de la Orden y a las necesidades de la Provincia misma.<br \/>\nEn la \u00faltima sesi\u00f3n, el Cap\u00edtulo ha elegido a los siguientes Guardianes: Ruiri \u2013 Fray Blasio Ooko OLENGE, Nairobi Lang\u2019ata \u2013 Fray Raymond OGUTU, Nairobi South C \u2013 Fray Leonard WAMBUI, Limuru \u2013 Fray Paul MAKEMBO, Subukia \u2013 Fray Kazimierz SZULC, Kikambala \u2013 Fray Joseph KUIRA, Chepseon \u2013 Fray Stephen GATIMU.<br \/>\nEl Cap\u00edtulo se concluy\u00f3 con la oraci\u00f3n por los frailes difuntos durante el \u00faltimo cuatrienio, en las dos Provincias-Madres: Varsovia y Gdansk.<\/p>\n<p style=\"text-align: right;\">Fray Tadeusz \u015aWI\u0104TKOWSKI<\/p>\nngg_shortcode_0_placeholder\n","protected":false},"excerpt":{"rendered":"<p>El lunes 14 de octubre de 2019, en el Santuario nacional de Subukia y Convento de Mar\u00eda Madre de Dios, comenz\u00f3 la segunda parte del 1\u00ba Cap\u00edtulo provincial ordinario de la Provincia de San Francisco de As\u00eds en Kenia. Ha sido presidido por el neo-elegido 1\u00ba Ministro provincial Fray Obed KAROBIA, en presencia del Delegado [&hellip;]<\/p>\n","protected":false},"author":1,"featured_media":19459,"comment_status":"closed","ping_status":"open","sticky":false,"template":"","format":"standard","meta":{"ngg_post_thumbnail":0,"footnotes":""},"categories":[99,133,150],"tags":[198,1158,1794],"class_list":["post-19463","post","type-post","status-publish","format-standard","has-post-thumbnail","category-afcof-es","category-federaciones","category-noticias","tag-capitulo","tag-kenia-es","tag-kenya-es"],"_links":{"self":[{"href":"https:\/\/www.ofmconv.net\/es\/wp-json\/wp\/v2\/posts\/19463","targetHints":{"allow":["GET"]}}],"collection":[{"href":"https:\/\/www.ofmconv.net\/es\/wp-json\/wp\/v2\/posts"}],"about":[{"href":"https:\/\/www.ofmconv.net\/es\/wp-json\/wp\/v2\/types\/post"}],"author":[{"embeddable":true,"href":"https:\/\/www.ofmconv.net\/es\/wp-json\/wp\/v2\/users\/1"}],"replies":[{"embeddable":true,"href":"https:\/\/www.ofmconv.net\/es\/wp-json\/wp\/v2\/comments?post=19463"}],"version-history":[{"count":0,"href":"https:\/\/www.ofmconv.net\/es\/wp-json\/wp\/v2\/posts\/19463\/revisions"}],"wp:featuredmedia":[{"embeddable":true,"href":"https:\/\/www.ofmconv.net\/es\/wp-json\/wp\/v2\/media\/19459"}],"wp:attachment":[{"href":"https:\/\/www.ofmconv.net\/es\/wp-json\/wp\/v2\/media?parent=19463"}],"wp:term":[{"taxonomy":"category","embeddable":true,"href":"https:\/\/www.ofmconv.net\/es\/wp-json\/wp\/v2\/categories?post=19463"},{"taxonomy":"post_tag","embeddable":true,"href":"https:\/\/www.ofmconv.net\/es\/wp-json\/wp\/v2\/tags?post=19463"}],"curies":[{"name":"wp","href":"https:\/\/api.w.org\/{rel}","templated":true}]}}