{"id":20215,"date":"2019-11-12T17:44:57","date_gmt":"2019-11-12T16:44:57","guid":{"rendered":"https:\/\/ofmconv.net\/sicilia-ordinazione-diaconale\/"},"modified":"2019-11-12T17:50:49","modified_gmt":"2019-11-12T16:50:49","slug":"sicilia-ordinazione-diaconale","status":"publish","type":"post","link":"https:\/\/www.ofmconv.net\/es\/sicilia-ordinazione-diaconale\/","title":{"rendered":"Sicilia: Ordenaci\u00f3n diaconal"},"content":{"rendered":"<p><strong>Ante una numerosa y bien dispuesta asamblea, el d\u00eda viernes 8 de noviembre de 2019 en la Bas\u00edlica menor de San Francisco de As\u00eds en Palermo, la fraternidad de la Provincia de las Santas \u00c1gueda y Luc\u00eda en Italia (Sicilia) ha agradecido y alabado al Se\u00f1or por la Ordenaci\u00f3n diaconal de Fray Rosario M. TERRANOVA.<\/strong><\/p>\n<p>El j\u00fabilo de la celebraci\u00f3n se ha visto enriquecido por la presencia del Obispo ordenante S.E. Mons. Roberto CARBONI Arzobispo Metropolita de Oristano y Administrador Apost\u00f3lico de Ales-Terralba, quien antes de recibir el nombramiento y la consagraci\u00f3n episcopal vest\u00eda ya el h\u00e1bito de nuestra familia de Frailes Menores Conventuales.<br \/>\nFray Rosario es originario de Palermo, nacido el 17 de septiembre de 1984; ha emitido su Profesi\u00f3n simple el 08 de septiembre de 2012 y la solemne el 22 de octubre de 2017. A nuestro hermano le deseamos que siempre anuncie el Evangelio lleno de j\u00fabilo en el Se\u00f1or Jes\u00fas y brinde su servicio a los hermanos con la misma sencillez de nuestro ser\u00e1fico Padre.<\/p>\n<p style=\"text-align: right;\">Fray Luca M. GURRERA, Secretario provincial.<\/p>\nngg_shortcode_0_placeholder\n","protected":false},"excerpt":{"rendered":"<p>Ante una numerosa y bien dispuesta asamblea, el d\u00eda viernes 8 de noviembre de 2019 en la Bas\u00edlica menor de San Francisco de As\u00eds en Palermo, la fraternidad de la Provincia de las Santas \u00c1gueda y Luc\u00eda en Italia (Sicilia) ha agradecido y alabado al Se\u00f1or por la Ordenaci\u00f3n diaconal de Fray Rosario M. TERRANOVA. [&hellip;]<\/p>\n","protected":false},"author":1,"featured_media":20211,"comment_status":"closed","ping_status":"open","sticky":false,"template":"","format":"standard","meta":{"ngg_post_thumbnail":0,"footnotes":""},"categories":[133,116,150],"tags":[1913,1976,1004],"class_list":["post-20215","post","type-post","status-publish","format-standard","has-post-thumbnail","category-federaciones","category-fimp-es","category-noticias","tag-italia-sicilia-es","tag-odinazione-diaconale-es","tag-ordenacion-diaconal"],"_links":{"self":[{"href":"https:\/\/www.ofmconv.net\/es\/wp-json\/wp\/v2\/posts\/20215","targetHints":{"allow":["GET"]}}],"collection":[{"href":"https:\/\/www.ofmconv.net\/es\/wp-json\/wp\/v2\/posts"}],"about":[{"href":"https:\/\/www.ofmconv.net\/es\/wp-json\/wp\/v2\/types\/post"}],"author":[{"embeddable":true,"href":"https:\/\/www.ofmconv.net\/es\/wp-json\/wp\/v2\/users\/1"}],"replies":[{"embeddable":true,"href":"https:\/\/www.ofmconv.net\/es\/wp-json\/wp\/v2\/comments?post=20215"}],"version-history":[{"count":0,"href":"https:\/\/www.ofmconv.net\/es\/wp-json\/wp\/v2\/posts\/20215\/revisions"}],"wp:featuredmedia":[{"embeddable":true,"href":"https:\/\/www.ofmconv.net\/es\/wp-json\/wp\/v2\/media\/20211"}],"wp:attachment":[{"href":"https:\/\/www.ofmconv.net\/es\/wp-json\/wp\/v2\/media?parent=20215"}],"wp:term":[{"taxonomy":"category","embeddable":true,"href":"https:\/\/www.ofmconv.net\/es\/wp-json\/wp\/v2\/categories?post=20215"},{"taxonomy":"post_tag","embeddable":true,"href":"https:\/\/www.ofmconv.net\/es\/wp-json\/wp\/v2\/tags?post=20215"}],"curies":[{"name":"wp","href":"https:\/\/api.w.org\/{rel}","templated":true}]}}