{"id":21471,"date":"2019-12-18T18:46:08","date_gmt":"2019-12-18T17:46:08","guid":{"rendered":"https:\/\/ofmconv.net\/spagna-visita-canonica\/"},"modified":"2019-12-23T18:54:51","modified_gmt":"2019-12-23T17:54:51","slug":"spagna-visita-canonica","status":"publish","type":"post","link":"https:\/\/www.ofmconv.net\/es\/spagna-visita-canonica\/","title":{"rendered":"Espa\u00f1a: Visita can\u00f3nica"},"content":{"rendered":"<p><strong>En dos partes (7-16 de noviembre y 24 noviembre-14 diciembre de 2019), el Asistente general FIMP (Federazione Intermediterranea Ministri Provinciali) Fra Giovanni VOLTAN ha realizado la Visita can\u00f3nica generalicia a la Provincia de Nuestra Se\u00f1ora de Montserrat en Espa\u00f1a, que en la primavera del 2020 celebrar\u00e1 el Cap\u00edtulo provincial ordinario (4-8 de mayo, parte I).<\/strong><\/p>\n<p>Los Conventos visitados han sido, en orden cronol\u00f3gico: Nuestra Se\u00f1ora del Rosario y San Buenaventura en Madrid, Taranc\u00f3n, Granollers, Barcelona, Zaragoza, Pamplona, Sevilla, Palencia y Valladolid. El Asistente ha tenido la oportunidad de tener un encuentro tambi\u00e9n con los tres hermanos que prestan servicio a la Orden residentes en Roma (Fray Valent\u00edn REDONDO FUENTES, Fray Benjam\u00edn MIEDES REM\u00d3N, Fray Juan Miguel VICENTE VALTUE\u00d1A) y con Fray Joaqu\u00edn \u00c1ngel AGESTA CUEVAS, de familia en la comunidad de Pamplona y actualmente en a\u00f1o sab\u00e1tico en Lourdes.<br \/>\nActualmente, los frailes de la Provincia son 68 (incluidos dos hermanos rumanos afiliados ad tempus, un hermano de la Provincia de Cracovia en convenci\u00f3n y tres hermanos profesos temporales); en el 1978 la Provincia ha abierto la misi\u00f3n en Colombia, hoy en d\u00eda Custodia provincial de San Francisco de As\u00eds. La edad media de la Provincia es de 65 a\u00f1os, teniendo en cuenta los Profesos temporales; excluidos estos \u00faltimos ser\u00eda de 67 a\u00f1os aproximadamente.<br \/>\nEn el 1904, los Frailes Menores Conventuales, gracias a la tenacidad de los hermanos espa\u00f1oles formados en Italia, lograron regresar en Espa\u00f1a despu\u00e9s de 337 a\u00f1os de ausencia (en el 1567, el rey Felipe II hab\u00eda expulsado un millar de hermanos aproximadamente). Despu\u00e9s de una breve pausa en Teruel (Arag\u00f3n), el Convento del resurgimiento ha sido Granollers (Catalu\u00f1a), que en la tremenda p\u00e1gina de la \u201cguerra civil\u201d espa\u00f1ola (1936-1939) ha conocido el martirio de sus hermanos (Fray Dionisio y compa\u00f1eros M\u00e1rtires), beatificados por el Papa San Juan Pablo II en el 2001.<br \/>\nEl ministerio de los hermanos de la Provincia se refiere principalmente a la actividad parroquial (de hecho son s\u00f3lo dos las iglesias conventuales: Taranc\u00f3n y Barcelona) y al servicio educativo en tres muy frecuentados y reconocidos colegios (Taranc\u00f3n, Valladolid y San Buenaventura \u2013 Madrid, el m\u00e1s grande). Adem\u00e1s, la Provincia ha dado vida a dos comunidades que se han comprometido en un proyecto que pueda expresar mejor, con decisiones y pr\u00e1cticas concretas, el carisma franciscano: Granollers (desde el 2012) y la comunidad y Casa de Formaci\u00f3n Nuestra Se\u00f1ora del Rosario \u2013 Madrid (desde el 2016), que actualmente cuenta tres profesos temporales y un postulante.<br \/>\nLa acogida recibida por el Asistente general ha sido siempre buena y fraterna. Al final de la visita can\u00f3nica, el Asistente ha logrado reunirse con el Ministro Fray \u00c1ngel Mariano GUZM\u00c1N LUDE\u00d1A y el Definitorio (Juan Antonio AD\u00c1NEZ SILV\u00c1N, Vicario; Fray Miguel \u00c1ngel MARCOS MARCOS, Secretario; Fray Antonio ROYO TOM\u00c1S y Fray Juan Luis CORMENZANA CARPIO).<br \/>\nEn el acostumbrado \u201ccursillo de Navidad\u201d que cada a\u00f1o vive la Provincia (del 26 al 28 de diciembre 2019), el Guardi\u00e1n de Lourdes Fray Fran\u00e7ois BUSTILLO ofrecer\u00e1 algunos puntos de reflexi\u00f3n franciscanos en vista del Cap\u00edtulo, recurriendo al trabajo realizado por las comunidades sobre las palabras del Papa Francisco dirigidas al Cap\u00edtulo general ordinario del 2019.<\/p>\n<p style=\"text-align: right;\">Fray Giovanni VOLTAN, Asistente general FIMP<\/p>\nngg_shortcode_0_placeholder\n","protected":false},"excerpt":{"rendered":"<p>En dos partes (7-16 de noviembre y 24 noviembre-14 diciembre de 2019), el Asistente general FIMP (Federazione Intermediterranea Ministri Provinciali) Fra Giovanni VOLTAN ha realizado la Visita can\u00f3nica generalicia a la Provincia de Nuestra Se\u00f1ora de Montserrat en Espa\u00f1a, que en la primavera del 2020 celebrar\u00e1 el Cap\u00edtulo provincial ordinario (4-8 de mayo, parte I). [&hellip;]<\/p>\n","protected":false},"author":1,"featured_media":21467,"comment_status":"closed","ping_status":"open","sticky":false,"template":"","format":"standard","meta":{"ngg_post_thumbnail":0,"footnotes":""},"categories":[133,116,150],"tags":[901,1606],"class_list":["post-21471","post","type-post","status-publish","format-standard","has-post-thumbnail","category-federaciones","category-fimp-es","tag-espana","tag-visita-canonica-es"],"_links":{"self":[{"href":"https:\/\/www.ofmconv.net\/es\/wp-json\/wp\/v2\/posts\/21471","targetHints":{"allow":["GET"]}}],"collection":[{"href":"https:\/\/www.ofmconv.net\/es\/wp-json\/wp\/v2\/posts"}],"about":[{"href":"https:\/\/www.ofmconv.net\/es\/wp-json\/wp\/v2\/types\/post"}],"author":[{"embeddable":true,"href":"https:\/\/www.ofmconv.net\/es\/wp-json\/wp\/v2\/users\/1"}],"replies":[{"embeddable":true,"href":"https:\/\/www.ofmconv.net\/es\/wp-json\/wp\/v2\/comments?post=21471"}],"version-history":[{"count":0,"href":"https:\/\/www.ofmconv.net\/es\/wp-json\/wp\/v2\/posts\/21471\/revisions"}],"wp:featuredmedia":[{"embeddable":true,"href":"https:\/\/www.ofmconv.net\/es\/wp-json\/wp\/v2\/media\/21467"}],"wp:attachment":[{"href":"https:\/\/www.ofmconv.net\/es\/wp-json\/wp\/v2\/media?parent=21471"}],"wp:term":[{"taxonomy":"category","embeddable":true,"href":"https:\/\/www.ofmconv.net\/es\/wp-json\/wp\/v2\/categories?post=21471"},{"taxonomy":"post_tag","embeddable":true,"href":"https:\/\/www.ofmconv.net\/es\/wp-json\/wp\/v2\/tags?post=21471"}],"curies":[{"name":"wp","href":"https:\/\/api.w.org\/{rel}","templated":true}]}}