{"id":21654,"date":"2020-01-09T12:33:14","date_gmt":"2020-01-09T11:33:14","guid":{"rendered":"https:\/\/ofmconv.net\/spagna-assemblea-provinciale\/"},"modified":"2020-01-09T12:42:13","modified_gmt":"2020-01-09T11:42:13","slug":"spagna-assemblea-provinciale","status":"publish","type":"post","link":"https:\/\/www.ofmconv.net\/es\/spagna-assemblea-provinciale\/","title":{"rendered":"Espa\u00f1a: Asamblea provincial"},"content":{"rendered":"<p><strong>La Asamblea de la Provincia de Nuestra Se\u00f1ora de Montserrat en Espa\u00f1a ha tenido lugar durante los d\u00edas 26, 27 y 28 de diciembre de 2019, en la Casa de Espiritualidad de los hermanos capuchinos \u201cCristo de El Pardo\u201d en Madrid.<\/strong><\/p>\n<p>Han participado 40 hermanos de las 10 fraternidades de la Provincia m\u00e1s los hermanos de las Casas generalicias de Roma. Fray Fran\u00e7ois BUSTILLO de la Custodia de Francia-B\u00e9lgica ha sido el ponente.<br \/>\nLas fraternidades han realizado un trabajo previo sobre el discurso del Papa Francisco a los hermanos asistentes al Cap\u00edtulo general ordinario (mayo 2019). En su discurso, el Papa ha hecho indicaciones importantes sobre nuestro carisma. El estudio de este Documento ha constituido una bella oportunidad de profundizar, interiorizar y revisar las bases de nuestra espiritualidad franciscana, con el fin de encarnarlas con mayor empe\u00f1o de cara al Cap\u00edtulo.<br \/>\nA partir de este trabajo previo, la Asamblea se ha desarrollado en cuatro bloques: oraci\u00f3n, vida fraterna, misi\u00f3n ordinaria (parroquias y colegios) y nueva evangelizaci\u00f3n. El ponente Fray Francisco ha hecho una reflexi\u00f3n sobre cada bloque mencionado, complementando as\u00ed el trabajo realizado en las fraternidades. A continuaci\u00f3n hubo un espacio de silencio y reflexi\u00f3n personal, tras el cual se desarrollaba una reflexi\u00f3n compartida en asamblea, llevada por un moderador.<br \/>\nEl encuentro ha servido a los hermanos como un camino de preparaci\u00f3n y discernimiento al XXI Cap\u00edtulo provincial ordinario, que tendr\u00e1 lugar en mayo y julio del a\u00f1o 2020.<\/p>\n<p style=\"text-align: right;\">Fray Miguel \u00c1ngel MARCOS MARCOS, Secretario provincial<\/p>\nngg_shortcode_0_placeholder\n","protected":false},"excerpt":{"rendered":"<p>La Asamblea de la Provincia de Nuestra Se\u00f1ora de Montserrat en Espa\u00f1a ha tenido lugar durante los d\u00edas 26, 27 y 28 de diciembre de 2019, en la Casa de Espiritualidad de los hermanos capuchinos \u201cCristo de El Pardo\u201d en Madrid. Han participado 40 hermanos de las 10 fraternidades de la Provincia m\u00e1s los hermanos [&hellip;]<\/p>\n","protected":false},"author":1,"featured_media":21650,"comment_status":"closed","ping_status":"open","sticky":false,"template":"","format":"standard","meta":{"ngg_post_thumbnail":0,"footnotes":""},"categories":[133,116,150],"tags":[256,901,1811],"class_list":["post-21654","post","type-post","status-publish","format-standard","has-post-thumbnail","category-federaciones","category-fimp-es","category-noticias","tag-espana","tag-spagna-es"],"_links":{"self":[{"href":"https:\/\/www.ofmconv.net\/es\/wp-json\/wp\/v2\/posts\/21654","targetHints":{"allow":["GET"]}}],"collection":[{"href":"https:\/\/www.ofmconv.net\/es\/wp-json\/wp\/v2\/posts"}],"about":[{"href":"https:\/\/www.ofmconv.net\/es\/wp-json\/wp\/v2\/types\/post"}],"author":[{"embeddable":true,"href":"https:\/\/www.ofmconv.net\/es\/wp-json\/wp\/v2\/users\/1"}],"replies":[{"embeddable":true,"href":"https:\/\/www.ofmconv.net\/es\/wp-json\/wp\/v2\/comments?post=21654"}],"version-history":[{"count":0,"href":"https:\/\/www.ofmconv.net\/es\/wp-json\/wp\/v2\/posts\/21654\/revisions"}],"wp:featuredmedia":[{"embeddable":true,"href":"https:\/\/www.ofmconv.net\/es\/wp-json\/wp\/v2\/media\/21650"}],"wp:attachment":[{"href":"https:\/\/www.ofmconv.net\/es\/wp-json\/wp\/v2\/media?parent=21654"}],"wp:term":[{"taxonomy":"category","embeddable":true,"href":"https:\/\/www.ofmconv.net\/es\/wp-json\/wp\/v2\/categories?post=21654"},{"taxonomy":"post_tag","embeddable":true,"href":"https:\/\/www.ofmconv.net\/es\/wp-json\/wp\/v2\/tags?post=21654"}],"curies":[{"name":"wp","href":"https:\/\/api.w.org\/{rel}","templated":true}]}}