{"id":21871,"date":"2020-01-14T20:25:04","date_gmt":"2020-01-14T19:25:04","guid":{"rendered":"https:\/\/ofmconv.net\/nomine-per-la-procura-generale\/"},"modified":"2020-01-14T20:31:11","modified_gmt":"2020-01-14T19:31:11","slug":"nomine-per-la-procura-generale","status":"publish","type":"post","link":"https:\/\/www.ofmconv.net\/es\/nomine-per-la-procura-generale\/","title":{"rendered":"Nombramientos de la Procuradur\u00eda general"},"content":{"rendered":"<p><strong>El Ministro general Fray Carlos A. TROVARELLI junto con su Definitorio, en la sesi\u00f3n del 1\u00ba de noviembre 2019, ha confirmado a Fray Maurizio DI PAOLO de la Provincia de los Santos Bernardino y \u00c1ngel en Italia (Abruzzo), en el encargo de Procurador general para el segundo sexenio, con decreto del 04 de noviembre de 2019.<\/strong><\/p>\n<p>El sucesivo 09 de diciembre 2019 el Ministro general se reuni\u00f3 con los miembros de la oficina de la Procuradur\u00eda, para conocer las modalidades y el trabajo desarrollado en colaboraci\u00f3n.<br \/>\nEl mismo Fray Carlos, con el consenso del Definitorio del 17 de diciembre 2019, ha renovado los nombramientos de Fray Robert LE\u017bOHUPSKI de la Provincia de San Maximiliano M. Kolbe en Polonia (Gdansk) y de Fray Francesco PANIZZOLO de la Provincia Italiana de San Antonio de Padua (Norte de Italia), dedicados a tiempo completo como oficiales respectivamente en la <em>Penitenciar\u00eda Apost\u00f3lica<\/em> y en la <em>Congregaci\u00f3n para la Doctrina de la Fe<\/em>, como miembros de la Procuradur\u00eda general hasta el Cap\u00edtulo general del 2025, con decreto del 31 de diciembre de 2019.<br \/>\nLos miembros de la Procuradur\u00eda se re\u00fanen cada dos semanas para una consulta acerca de las cuestiones con m\u00e1s complejidad y para la asignaci\u00f3n de algunas pr\u00e1cticas en base a la disponibilidad y a la capacidad ling\u00fc\u00edstica.<br \/>\nUna tarea importante para estos pr\u00f3ximos meses ser\u00e1 la revisi\u00f3n del \u201cProntuario para el desarrollo de las pr\u00e1cticas jur\u00eddicas\u201d, que deber\u00e1 ser actualizado e integrado seg\u00fan la nueva legislaci\u00f3n de la Iglesia y de la Orden, y a la praxis de la Curia Romana, en continua evoluci\u00f3n.<br \/>\nEntre los proyectos de la Procuradur\u00eda se encuentra presente el deseo de hacer crecer la formaci\u00f3n jur\u00eddica de todos aquellos que realizan el servicio de la autoridad y de todos los hermanos en general; esto podr\u00e1 actuarse en los pr\u00f3ximos d\u00edas durante la semana de formaci\u00f3n para los nuevos Provinciales, Custodios y Secretarios, y en el segundo \u201cCongreso Jur\u00eddico\u201d, ahora en fase de programaci\u00f3n.<\/p>\n<p style=\"text-align: right;\">Fray Maurizio DI PAOLO, Procurador general<\/p>\n","protected":false},"excerpt":{"rendered":"<p>El Ministro general Fray Carlos A. TROVARELLI junto con su Definitorio, en la sesi\u00f3n del 1\u00ba de noviembre 2019, ha confirmado a Fray Maurizio DI PAOLO de la Provincia de los Santos Bernardino y \u00c1ngel en Italia (Abruzzo), en el encargo de Procurador general para el segundo sexenio, con decreto del 04 de noviembre de [&hellip;]<\/p>\n","protected":false},"author":1,"featured_media":21867,"comment_status":"closed","ping_status":"open","sticky":false,"template":"","format":"standard","meta":{"ngg_post_thumbnail":0,"footnotes":""},"categories":[150,146],"tags":[1526,2028,1888],"class_list":["post-21871","post","type-post","status-publish","format-standard","has-post-thumbnail","category-noticias","category-ufficio-comunicazioni-es","tag-nombramiento","tag-procura-es","tag-procurador"],"_links":{"self":[{"href":"https:\/\/www.ofmconv.net\/es\/wp-json\/wp\/v2\/posts\/21871","targetHints":{"allow":["GET"]}}],"collection":[{"href":"https:\/\/www.ofmconv.net\/es\/wp-json\/wp\/v2\/posts"}],"about":[{"href":"https:\/\/www.ofmconv.net\/es\/wp-json\/wp\/v2\/types\/post"}],"author":[{"embeddable":true,"href":"https:\/\/www.ofmconv.net\/es\/wp-json\/wp\/v2\/users\/1"}],"replies":[{"embeddable":true,"href":"https:\/\/www.ofmconv.net\/es\/wp-json\/wp\/v2\/comments?post=21871"}],"version-history":[{"count":0,"href":"https:\/\/www.ofmconv.net\/es\/wp-json\/wp\/v2\/posts\/21871\/revisions"}],"wp:featuredmedia":[{"embeddable":true,"href":"https:\/\/www.ofmconv.net\/es\/wp-json\/wp\/v2\/media\/21867"}],"wp:attachment":[{"href":"https:\/\/www.ofmconv.net\/es\/wp-json\/wp\/v2\/media?parent=21871"}],"wp:term":[{"taxonomy":"category","embeddable":true,"href":"https:\/\/www.ofmconv.net\/es\/wp-json\/wp\/v2\/categories?post=21871"},{"taxonomy":"post_tag","embeddable":true,"href":"https:\/\/www.ofmconv.net\/es\/wp-json\/wp\/v2\/tags?post=21871"}],"curies":[{"name":"wp","href":"https:\/\/api.w.org\/{rel}","templated":true}]}}