{"id":22025,"date":"2020-01-17T19:03:28","date_gmt":"2020-01-17T18:03:28","guid":{"rendered":"https:\/\/ofmconv.net\/usa-santa-messa-in-suffragio-di-mons-elias\/"},"modified":"2020-01-17T19:11:42","modified_gmt":"2020-01-17T18:11:42","slug":"usa-santa-messa-in-suffragio-di-mons-elias","status":"publish","type":"post","link":"https:\/\/www.ofmconv.net\/es\/usa-santa-messa-in-suffragio-di-mons-elias\/","title":{"rendered":"USA: Santa Misa en sufragio de Mons. Elias"},"content":{"rendered":"<p><strong>El d\u00eda 18 de enero de 2020 a las 11:00 de la ma\u00f1ana, en la iglesia de San Miguel Arc\u00e1ngel (175 Williams Road, Troy \u2013 New York), tendr\u00e1 lugar la celebraci\u00f3n de la Eucarist\u00eda en memoria de nuestro hermano Obispo Mons. Elias James MANNING.<\/strong><\/p>\n<p>Fray Elias naci\u00f3 el 14 de abril de 1938 en Troy \u2013 NY, ha emitido su Profesi\u00f3n simple en la Orden de Frailes Menores Conventuales el 11 de agosto de 1959, la Solemne el 08 de septiembre de 1962 y ha sido ordenado Presb\u00edtero el 30 de octubre de 1965.<br \/>\nSu servicio pastoral lo ha dedicado casi por entero a la misi\u00f3n en Brasil. Afiliado a la Custodia provincial de la Inmaculada Concepci\u00f3n de la B.V.M. en Brasil, ha cubierto el servicio de Custodio del 1976 al 1979. El 13 de mayo de 1990 ha sido ordenado Obispo y ha guiado la Di\u00f3cesis de Valen\u00e7a \u2013 R\u00edo de Janeiro, hasta el 2014. El Se\u00f1or lo llam\u00f3 el d\u00eda 13 de octubre de 2019.<\/p>\n<p style=\"text-align: right;\">La Redacci\u00f3n.<\/p>\n<p><strong><a href=\"\/img\/galerie\/2020\/01-17-uc-manning\/manning-esp.pdf\"><img loading=\"lazy\" decoding=\"async\" class=\"alignleft size-full wp-image-3963\" src=\"https:\/\/ofmconv.net\/wp-content\/uploads\/2018\/03\/pdf.png\" alt=\"\" width=\"50\" height=\"69\"><strong>Carta del Ministro general &gt;&gt;&gt;<\/strong><\/a><\/strong><\/p>\n<p>&nbsp;<\/p>\nngg_shortcode_0_placeholder\n","protected":false},"excerpt":{"rendered":"<p>El d\u00eda 18 de enero de 2020 a las 11:00 de la ma\u00f1ana, en la iglesia de San Miguel Arc\u00e1ngel (175 Williams Road, Troy \u2013 New York), tendr\u00e1 lugar la celebraci\u00f3n de la Eucarist\u00eda en memoria de nuestro hermano Obispo Mons. Elias James MANNING. Fray Elias naci\u00f3 el 14 de abril de 1938 en Troy [&hellip;]<\/p>\n","protected":false},"author":1,"featured_media":22021,"comment_status":"closed","ping_status":"open","sticky":false,"template":"","format":"standard","meta":{"ngg_post_thumbnail":0,"footnotes":""},"categories":[150,146],"tags":[],"class_list":["post-22025","post","type-post","status-publish","format-standard","has-post-thumbnail","category-noticias","category-ufficio-comunicazioni-es"],"_links":{"self":[{"href":"https:\/\/www.ofmconv.net\/es\/wp-json\/wp\/v2\/posts\/22025","targetHints":{"allow":["GET"]}}],"collection":[{"href":"https:\/\/www.ofmconv.net\/es\/wp-json\/wp\/v2\/posts"}],"about":[{"href":"https:\/\/www.ofmconv.net\/es\/wp-json\/wp\/v2\/types\/post"}],"author":[{"embeddable":true,"href":"https:\/\/www.ofmconv.net\/es\/wp-json\/wp\/v2\/users\/1"}],"replies":[{"embeddable":true,"href":"https:\/\/www.ofmconv.net\/es\/wp-json\/wp\/v2\/comments?post=22025"}],"version-history":[{"count":0,"href":"https:\/\/www.ofmconv.net\/es\/wp-json\/wp\/v2\/posts\/22025\/revisions"}],"wp:featuredmedia":[{"embeddable":true,"href":"https:\/\/www.ofmconv.net\/es\/wp-json\/wp\/v2\/media\/22021"}],"wp:attachment":[{"href":"https:\/\/www.ofmconv.net\/es\/wp-json\/wp\/v2\/media?parent=22025"}],"wp:term":[{"taxonomy":"category","embeddable":true,"href":"https:\/\/www.ofmconv.net\/es\/wp-json\/wp\/v2\/categories?post=22025"},{"taxonomy":"post_tag","embeddable":true,"href":"https:\/\/www.ofmconv.net\/es\/wp-json\/wp\/v2\/tags?post=22025"}],"curies":[{"name":"wp","href":"https:\/\/api.w.org\/{rel}","templated":true}]}}