{"id":22278,"date":"2020-01-30T15:43:28","date_gmt":"2020-01-30T14:43:28","guid":{"rendered":"https:\/\/ofmconv.net\/calabria-ordinazione-sacerdotale\/"},"modified":"2020-01-30T15:48:45","modified_gmt":"2020-01-30T14:48:45","slug":"calabria-ordinazione-sacerdotale","status":"publish","type":"post","link":"https:\/\/www.ofmconv.net\/es\/calabria-ordinazione-sacerdotale\/","title":{"rendered":"Calabria: Ordenaci\u00f3n sacerdotal"},"content":{"rendered":"<p><strong>La sugestiva celebraci\u00f3n, llena de emotividad, ternura y alegr\u00eda, ha tenido lugar el d\u00eda s\u00e1bado 25 de enero de 2020, en la Iglesia del \u201cSagrado Coraz\u00f3n\u201d de Catanzaro Lido (CZ). Ha presidido el Arzobispo metropolita de Catanzaro-Squillace, Mons. Vincenzo BERTOLONE, con la imposici\u00f3n de manos, la oraci\u00f3n consagratoria y la unci\u00f3n crismal. \u00abLa Ordenaci\u00f3n sacerdotal de Fray Diego CANINO \u2013ha dicho en su homil\u00eda- es para nosotros un signo de que nunca decidimos solos nuestro camino, pues es el Se\u00f1or quien nos escoge, nos llama y nos env\u00eda. Escuchar su voz y abandonar toda actividad para seguirlo significa haber encontrado la felicidad\u00bb.<\/strong><\/p>\n<p>El evento ha sido acogido con maravilla y gratitud. \u00abCon maravilla \u2013ha remarcado Fra Giorgio TASSONE, Custodio de la Custodia provincial de los Santos Daniel y Compa\u00f1eros M\u00e1rtires en Italia (Calabria), a manera de conclusi\u00f3n- porque Dios ha querido inclinarse hacia nuestra Custodia, don\u00e1ndonos a Fray Diego como presb\u00edtero; y con gratitud por las muchas personas que lo han conducido hasta este d\u00eda. (\u2026) Aqu\u00ed, acompa\u00f1\u00e1ndolo, nos ha sido brindada la posibilidad de reflexionar sobre nuestra vocaci\u00f3n franciscana y sentirnos orgullosos de ella. (\u2026) Un agradecimiento especial queremos darlo a su familia, a su hermana Marcella, a sus t\u00edos y sobre todo a sus padres Teresa Maria y Umberto, quienes desde el cielo comparten nuestra alegr\u00eda e interceden por \u00e9l\u00bb.<br \/>\nEn la ceremonia han participado 24 sacerdotes, 2 di\u00e1conos y numerosos frailes y laicos provenientes de las fraternidades conventuales y parroquiales de Roma y As\u00eds, Calabria y Sicilia, acompa\u00f1ados por el Ministro provincial Fray Gaspare LA BARBERA de la Provincia de las Santas \u00c1gueda y Luc\u00eda en Italia (Sicilia). Entre los presentes tambi\u00e9n estuvieron algunos compa\u00f1eros de \u201ccamino\u201d espiritual y formativo del neo sacerdote: Fray Francesco CELESTINO, primero en brindarle acompa\u00f1amiento vocacional; Fray Giuseppe TONDO, su padre espiritual y Fray Silvestru BEJAN, moderador de su tesis de bachillerato sobre San Francisco y Mart\u00edn Lutero en el Instituto Teol\u00f3gico de As\u00eds.<br \/>\nFray Diego naci\u00f3 el 24 de enero de 1975 en Catanzaro; antes de dar inicio a su camino vocacional se gradu\u00f3 en jurisprudencia en la Universidad de Pisa y durante 18 meses realiz\u00f3 la pr\u00e1ctica forense, hasta el 2011. Habiendo escuchado el llamado del Se\u00f1or, se borr\u00f3 del Colegio de Abogados y, bajo la gu\u00eda de Fray Francesco CELESTINO, en ese entonces Custodio provincial, inici\u00f3 el discernimiento vocacional en Amantea, culminando con la entrada en el Postulantado de Benevento el 29 de septiembre de 2012. El 12 de septiembre de 2014 inici\u00f3 el a\u00f1o de Noviciado en el Convento del Santo en Padua y, al terminar, el 28 de agosto de 2015, emiti\u00f3 la Profesi\u00f3n temporal. El 01 de septiembre de 2018, en el marco de la Misa concelebrada en la iglesia de San Bernardino de Sienta en Amante, emiti\u00f3 la Profesi\u00f3n solemne. El 21 de junio de 2019 consigui\u00f3 el bachillerato en sagrada teolog\u00eda en el Instituto Teol\u00f3gico de As\u00eds, y el 15 de julio del mismo a\u00f1o, en la iglesia de Mar\u00eda del Sant\u00edsimo Rosario de Palmi, recibi\u00f3 la Ordenaci\u00f3n diaconal por imposici\u00f3n de manos y la oraci\u00f3n consagratoria de Mons. Francesco MILITO, Obispo de la Di\u00f3cesis de Oppido Mamertina-Palmi.<\/p>\n<p style=\"text-align: right;\">Fray Piotr ANZULEWICZ, Secretario custodial.<\/p>\nngg_shortcode_0_placeholder\n","protected":false},"excerpt":{"rendered":"<p>La sugestiva celebraci\u00f3n, llena de emotividad, ternura y alegr\u00eda, ha tenido lugar el d\u00eda s\u00e1bado 25 de enero de 2020, en la Iglesia del \u201cSagrado Coraz\u00f3n\u201d de Catanzaro Lido (CZ). Ha presidido el Arzobispo metropolita de Catanzaro-Squillace, Mons. Vincenzo BERTOLONE, con la imposici\u00f3n de manos, la oraci\u00f3n consagratoria y la unci\u00f3n crismal. \u00abLa Ordenaci\u00f3n sacerdotal [&hellip;]<\/p>\n","protected":false},"author":1,"featured_media":22274,"comment_status":"closed","ping_status":"open","sticky":false,"template":"","format":"standard","meta":{"ngg_post_thumbnail":0,"footnotes":""},"categories":[133,116,150],"tags":[1597,1822,731],"class_list":["post-22278","post","type-post","status-publish","format-standard","has-post-thumbnail","category-federaciones","category-fimp-es","category-noticias","tag-italia-calabria-es","tag-italia-calabria-es-2","tag-ordenacion-presbiteral"],"_links":{"self":[{"href":"https:\/\/www.ofmconv.net\/es\/wp-json\/wp\/v2\/posts\/22278","targetHints":{"allow":["GET"]}}],"collection":[{"href":"https:\/\/www.ofmconv.net\/es\/wp-json\/wp\/v2\/posts"}],"about":[{"href":"https:\/\/www.ofmconv.net\/es\/wp-json\/wp\/v2\/types\/post"}],"author":[{"embeddable":true,"href":"https:\/\/www.ofmconv.net\/es\/wp-json\/wp\/v2\/users\/1"}],"replies":[{"embeddable":true,"href":"https:\/\/www.ofmconv.net\/es\/wp-json\/wp\/v2\/comments?post=22278"}],"version-history":[{"count":0,"href":"https:\/\/www.ofmconv.net\/es\/wp-json\/wp\/v2\/posts\/22278\/revisions"}],"wp:featuredmedia":[{"embeddable":true,"href":"https:\/\/www.ofmconv.net\/es\/wp-json\/wp\/v2\/media\/22274"}],"wp:attachment":[{"href":"https:\/\/www.ofmconv.net\/es\/wp-json\/wp\/v2\/media?parent=22278"}],"wp:term":[{"taxonomy":"category","embeddable":true,"href":"https:\/\/www.ofmconv.net\/es\/wp-json\/wp\/v2\/categories?post=22278"},{"taxonomy":"post_tag","embeddable":true,"href":"https:\/\/www.ofmconv.net\/es\/wp-json\/wp\/v2\/tags?post=22278"}],"curies":[{"name":"wp","href":"https:\/\/api.w.org\/{rel}","templated":true}]}}