{"id":22784,"date":"2020-02-14T14:28:00","date_gmt":"2020-02-14T13:28:00","guid":{"rendered":"https:\/\/ofmconv.net\/nuovo-redattore-del-commentarium-ordinis\/"},"modified":"2020-02-15T17:06:19","modified_gmt":"2020-02-15T16:06:19","slug":"nuovo-redattore-del-commentarium-ordinis","status":"publish","type":"post","link":"https:\/\/www.ofmconv.net\/es\/nuovo-redattore-del-commentarium-ordinis\/","title":{"rendered":"Nuevo Redactor del Commentarium Ordinis"},"content":{"rendered":"<p><strong>El 14 de febrero de 2020, Fray Silvestru BEJAN ha sido nombrado nuevo Redactor a cargo del Commentarium Ordinis por el Ministro general Fray Carlos TROVARELLI con el favorable parecer de su Definitorio.<\/strong><\/p>\n<p>Fray Silvestru pertenece a la Provincia de San Jos\u00e9 Esposo de la B.V.M. en Ruman\u00eda; para esta nueva tarea seguir\u00e1 las indicaciones del Definitorio general en colaboraci\u00f3n con la Secretar\u00eda general y la Oficina general de Comunicaciones. Fray Silvestru est\u00e1 de familia en el Convento de los Santos Ap\u00f3stoles de Roma y proviene de la Custodia general de As\u00eds del Sacro Convento, donde desarrollaba el servicio de Delegado general para el Ecumenismo y el Di\u00e1logo Interreligioso.<br \/>\nFray Silvestru es el sucesor de Fray Robert LE\u017bOHUPSKI de la Provincia de San Maximiliano M. Kolbe en Polonia (Gdansk), mismo que ahora presta servicio como Guardi\u00e1n del Convento San Antonio de las Termas (La Vi\u00f1a Antoniana) de Roma. Entro otras cosas, Fray Robert contin\u00faa con su servicio como Juez del Tribunal Eclesi\u00e1stico del Vicariato de la Ciudad del Vaticano, como Oficial de la Penitenciar\u00eda Apost\u00f3lica y como profesor de Derecho can\u00f3nico.<br \/>\nEl Ministro general y su Definitorio agradecen profundamente a Fray Robert por el servicio ofrecido en la redacci\u00f3n del Commentarium Ordinis y a Fray Silvestru por haber acogido con disponibilidad esta nueva obediencia.<\/p>\n<p style=\"text-align: right;\">Oficina de Comunicaciones.<\/p>\n","protected":false},"excerpt":{"rendered":"<p>El 14 de febrero de 2020, Fray Silvestru BEJAN ha sido nombrado nuevo Redactor a cargo del Commentarium Ordinis por el Ministro general Fray Carlos TROVARELLI con el favorable parecer de su Definitorio. Fray Silvestru pertenece a la Provincia de San Jos\u00e9 Esposo de la B.V.M. en Ruman\u00eda; para esta nueva tarea seguir\u00e1 las indicaciones [&hellip;]<\/p>\n","protected":false},"author":1,"featured_media":22780,"comment_status":"closed","ping_status":"open","sticky":false,"template":"","format":"standard","meta":{"ngg_post_thumbnail":0,"footnotes":""},"categories":[150,142],"tags":[1526,1800],"class_list":["post-22784","post","type-post","status-publish","format-standard","has-post-thumbnail","category-noticias","category-secretaria-general","tag-nombramiento","tag-nomina-es"],"_links":{"self":[{"href":"https:\/\/www.ofmconv.net\/es\/wp-json\/wp\/v2\/posts\/22784","targetHints":{"allow":["GET"]}}],"collection":[{"href":"https:\/\/www.ofmconv.net\/es\/wp-json\/wp\/v2\/posts"}],"about":[{"href":"https:\/\/www.ofmconv.net\/es\/wp-json\/wp\/v2\/types\/post"}],"author":[{"embeddable":true,"href":"https:\/\/www.ofmconv.net\/es\/wp-json\/wp\/v2\/users\/1"}],"replies":[{"embeddable":true,"href":"https:\/\/www.ofmconv.net\/es\/wp-json\/wp\/v2\/comments?post=22784"}],"version-history":[{"count":0,"href":"https:\/\/www.ofmconv.net\/es\/wp-json\/wp\/v2\/posts\/22784\/revisions"}],"wp:featuredmedia":[{"embeddable":true,"href":"https:\/\/www.ofmconv.net\/es\/wp-json\/wp\/v2\/media\/22780"}],"wp:attachment":[{"href":"https:\/\/www.ofmconv.net\/es\/wp-json\/wp\/v2\/media?parent=22784"}],"wp:term":[{"taxonomy":"category","embeddable":true,"href":"https:\/\/www.ofmconv.net\/es\/wp-json\/wp\/v2\/categories?post=22784"},{"taxonomy":"post_tag","embeddable":true,"href":"https:\/\/www.ofmconv.net\/es\/wp-json\/wp\/v2\/tags?post=22784"}],"curies":[{"name":"wp","href":"https:\/\/api.w.org\/{rel}","templated":true}]}}