{"id":24016,"date":"2020-03-24T18:41:31","date_gmt":"2020-03-24T17:41:31","guid":{"rendered":"https:\/\/ofmconv.net\/colombia-eventi-della-custodia\/"},"modified":"2020-03-24T18:47:02","modified_gmt":"2020-03-24T17:47:02","slug":"colombia-eventi-della-custodia","status":"publish","type":"post","link":"https:\/\/www.ofmconv.net\/es\/colombia-eventi-della-custodia\/","title":{"rendered":"Colombia: Eventos en la Custodia"},"content":{"rendered":"<p><strong>Ordenaci\u00f3n diaconal<\/strong><br \/>\nEl d\u00eda 14 de marzo de 2020, la Custodia provincial San Francisco de As\u00eds de Colombia, celebr\u00f3 con gozo la Ordenaci\u00f3n diaconal de Fray Nelson Yesid CARVAJAL SIERRA, en el marco del tercer Domingo del Tiempo de Cuaresma. La celebraci\u00f3n tuvo lugar en la parroquia San Francisco de As\u00eds de la ciudad de Medell\u00edn (Antioquia).<br \/>\nLa Ordenaci\u00f3n estuvo presidida por Mons. Jos\u00e9 Mauricio V\u00c9LEZ GARC\u00cdA, Obispo auxiliar de la Arquidi\u00f3cesis de Medell\u00edn. Estuvieron presentes varios hermanos de las diferentes fraternidades de la Custodia, los familiares de Fray Nelson y la comunidad parroquial que anima y acompa\u00f1a nuestro hermano.<br \/>\nEl Alt\u00edsimo y buen Se\u00f1or gu\u00ede siempre a Fray Nelson por la senda de la fidelidad y la entrega generosa, haciendo de su vida un testimonio del amor y la misericordia de Dios, en favor de la Iglesia y de nuestra Orden.<\/p>\nngg_shortcode_0_placeholder\n<p><strong>Ingreso al Postulantado<\/strong><br \/>\nEl d\u00eda 19 de marzo de 2020, solemnidad de San Jos\u00e9 Esposo de la B.V.M., en el convento de San Antonio de Padua en Bogot\u00e1 \u2013 Colombia, 9 j\u00f3venes provenientes de distintas regiones del pa\u00eds iniciaron la etapa del Postulantado.<br \/>\nLa celebraci\u00f3n estuvo presidida por el Custodio provincial Fray Jos\u00e9 Andr\u00e9s CASTRO FARAH, acompa\u00f1ado del equipo formativo del Postulantado. Durante la Eucarist\u00eda se hizo la invitaci\u00f3n a los neo-postulantes a seguir e imitar el ejemplo de San Jos\u00e9 quien, con un coraz\u00f3n d\u00f3cil y abierto a la acci\u00f3n de Dios, supo responder con fidelidad al proyecto que el Se\u00f1or hab\u00eda preparado para su vida: ser custodio de la familia de Nazaret.<br \/>\nEl \u201cEsp\u00edritu del Se\u00f1or y su santa operaci\u00f3n\u201d gu\u00ede y acompa\u00f1e la experiencia formativa de estos hermanos nuestros, que han dado inicio al seguimiento de Cristo tras las huellas del ser\u00e1fico padre Francisco de As\u00eds.<\/p>\n<p style=\"text-align: right;\">Fray Fabi\u00e1n Alberto MART\u00cdNEZ ARAQUE<\/p>\nngg_shortcode_1_placeholder\n","protected":false},"excerpt":{"rendered":"<p>Ordenaci\u00f3n diaconal El d\u00eda 14 de marzo de 2020, la Custodia provincial San Francisco de As\u00eds de Colombia, celebr\u00f3 con gozo la Ordenaci\u00f3n diaconal de Fray Nelson Yesid CARVAJAL SIERRA, en el marco del tercer Domingo del Tiempo de Cuaresma. La celebraci\u00f3n tuvo lugar en la parroquia San Francisco de As\u00eds de la ciudad de [&hellip;]<\/p>\n","protected":false},"author":1,"featured_media":24012,"comment_status":"closed","ping_status":"open","sticky":false,"template":"","format":"standard","meta":{"ngg_post_thumbnail":0,"footnotes":""},"categories":[109,133,150],"tags":[1601,1976,1004,1808,1993],"class_list":["post-24016","post","type-post","status-publish","format-standard","has-post-thumbnail","category-falc-es","category-federaciones","category-noticias","tag-colombia-es","tag-odinazione-diaconale-es","tag-ordenacion-diaconal","tag-postulantes","tag-postulanti-es"],"_links":{"self":[{"href":"https:\/\/www.ofmconv.net\/es\/wp-json\/wp\/v2\/posts\/24016","targetHints":{"allow":["GET"]}}],"collection":[{"href":"https:\/\/www.ofmconv.net\/es\/wp-json\/wp\/v2\/posts"}],"about":[{"href":"https:\/\/www.ofmconv.net\/es\/wp-json\/wp\/v2\/types\/post"}],"author":[{"embeddable":true,"href":"https:\/\/www.ofmconv.net\/es\/wp-json\/wp\/v2\/users\/1"}],"replies":[{"embeddable":true,"href":"https:\/\/www.ofmconv.net\/es\/wp-json\/wp\/v2\/comments?post=24016"}],"version-history":[{"count":0,"href":"https:\/\/www.ofmconv.net\/es\/wp-json\/wp\/v2\/posts\/24016\/revisions"}],"wp:featuredmedia":[{"embeddable":true,"href":"https:\/\/www.ofmconv.net\/es\/wp-json\/wp\/v2\/media\/24012"}],"wp:attachment":[{"href":"https:\/\/www.ofmconv.net\/es\/wp-json\/wp\/v2\/media?parent=24016"}],"wp:term":[{"taxonomy":"category","embeddable":true,"href":"https:\/\/www.ofmconv.net\/es\/wp-json\/wp\/v2\/categories?post=24016"},{"taxonomy":"post_tag","embeddable":true,"href":"https:\/\/www.ofmconv.net\/es\/wp-json\/wp\/v2\/tags?post=24016"}],"curies":[{"name":"wp","href":"https:\/\/api.w.org\/{rel}","templated":true}]}}