{"id":24246,"date":"2020-04-04T18:19:20","date_gmt":"2020-04-04T16:19:20","guid":{"rendered":"https:\/\/ofmconv.net\/?p=24246"},"modified":"2020-04-04T12:26:48","modified_gmt":"2020-04-04T10:26:48","slug":"spagna-nuovo-ministro-provinciale","status":"publish","type":"post","link":"https:\/\/www.ofmconv.net\/es\/spagna-nuovo-ministro-provinciale\/","title":{"rendered":"Espa\u00f1a: nuevo Ministro provincial"},"content":{"rendered":"<p><strong>El d\u00eda viernes 03 de abril de 2020, Fray Juan Antonio AD\u00c1NEZ SILV\u00c1N ha sido elegido, por carta al tercer escrutinio, nuevo Ministro de la Provincia de Nuestra Se\u00f1ora de Montserrat en Espa\u00f1a.<\/strong><\/p>\n<p>Fray Juan Antonio naci\u00f3 en Almorox (Toledo) el 06 de septiembre de 1958. Frecuent\u00f3 el Seminario menor con nuestros hermanos de Palencia y emiti\u00f3 la Profesi\u00f3n simple el 12 de septiembre de 1976, despu\u00e9s del a\u00f1o de Noviciado vivido en Zaragoza. Estudi\u00f3 la filosof\u00eda en As\u00eds y la teolog\u00eda con los Jesuitas de Sant Cugat \u2013 Barcelona; por \u00faltimo, consigui\u00f3 la licenciatura en teolog\u00eda espiritual en la Pontificia Universidad Gregoriana de Roma en el 1983.<br \/>\nProfes\u00f3 los votos solemnes el 04 de septiembre de 1982 y fue ordenado Presb\u00edtero el 12 de mayo de 1984, mediante la imposici\u00f3n de manos del Card. Marcelo GONZ\u00c1LEZ MART\u00cdN, en la parroquia San Crist\u00f3bal de Almorox.<br \/>\nHa trabajado en diferentes parroquias: Sevilla, Zaragoza, Palencia y Barcelona; ha ense\u00f1ado en el Colegio San Buenaventura de Madrid tambi\u00e9n como responsable del Departamento de pastoral. Ha sido Delegado provincial para la pastoral juvenil y vocacional; del 1998 al a\u00f1o 2000 ha sido Director del Secretariado nacional de pastoral juvenil y vocacional de la Conferencia espa\u00f1ola de los religiosos.<br \/>\nDurante cuatro mandatos ha sido Definidor provincial y colaborador de la revista \u201cAntena Conventual\u201d de nuestra Provincia espa\u00f1ola; hasta esta momento prestaba el servicio de Vicario provincial y Guardi\u00e1n del Convento de Valladolid.<br \/>\nPer quattro mandati \u00e8 stato Definitore provinciale e collaboratore della rivista \u201cAntena Conventual\u201d della nostra Provincia spagnola; attualmente era Vicario provinciale e Guardiano del Convento di Valladolid.<\/p>\n<p style=\"text-align: right;\">Oficina de Comunicaciones.<\/p>\nngg_shortcode_0_placeholder\n","protected":false},"excerpt":{"rendered":"<p>El d\u00eda viernes 03 de abril de 2020, Fray Juan Antonio AD\u00c1NEZ SILV\u00c1N ha sido elegido, por carta al tercer escrutinio, nuevo Ministro de la Provincia de Nuestra Se\u00f1ora de Montserrat en Espa\u00f1a. Fray Juan Antonio naci\u00f3 en Almorox (Toledo) el 06 de septiembre de 1958. Frecuent\u00f3 el Seminario menor con nuestros hermanos de Palencia [&hellip;]<\/p>\n","protected":false},"author":1,"featured_media":24242,"comment_status":"closed","ping_status":"open","sticky":false,"template":"","format":"standard","meta":{"ngg_post_thumbnail":0,"footnotes":""},"categories":[133,116,150],"tags":[901,1811],"class_list":["post-24246","post","type-post","status-publish","format-standard","has-post-thumbnail","category-federaciones","category-fimp-es","tag-espana","tag-spagna-es"],"_links":{"self":[{"href":"https:\/\/www.ofmconv.net\/es\/wp-json\/wp\/v2\/posts\/24246","targetHints":{"allow":["GET"]}}],"collection":[{"href":"https:\/\/www.ofmconv.net\/es\/wp-json\/wp\/v2\/posts"}],"about":[{"href":"https:\/\/www.ofmconv.net\/es\/wp-json\/wp\/v2\/types\/post"}],"author":[{"embeddable":true,"href":"https:\/\/www.ofmconv.net\/es\/wp-json\/wp\/v2\/users\/1"}],"replies":[{"embeddable":true,"href":"https:\/\/www.ofmconv.net\/es\/wp-json\/wp\/v2\/comments?post=24246"}],"version-history":[{"count":0,"href":"https:\/\/www.ofmconv.net\/es\/wp-json\/wp\/v2\/posts\/24246\/revisions"}],"wp:featuredmedia":[{"embeddable":true,"href":"https:\/\/www.ofmconv.net\/es\/wp-json\/wp\/v2\/media\/24242"}],"wp:attachment":[{"href":"https:\/\/www.ofmconv.net\/es\/wp-json\/wp\/v2\/media?parent=24246"}],"wp:term":[{"taxonomy":"category","embeddable":true,"href":"https:\/\/www.ofmconv.net\/es\/wp-json\/wp\/v2\/categories?post=24246"},{"taxonomy":"post_tag","embeddable":true,"href":"https:\/\/www.ofmconv.net\/es\/wp-json\/wp\/v2\/tags?post=24246"}],"curies":[{"name":"wp","href":"https:\/\/api.w.org\/{rel}","templated":true}]}}