{"id":25618,"date":"2020-06-22T20:22:30","date_gmt":"2020-06-22T18:22:30","guid":{"rendered":"https:\/\/ofmconv.net\/roma-nasce-la-scuola-di-grafologia-del-seraphicum\/"},"modified":"2020-06-22T20:27:08","modified_gmt":"2020-06-22T18:27:08","slug":"roma-nasce-la-scuola-di-grafologia-del-seraphicum","status":"publish","type":"post","link":"https:\/\/www.ofmconv.net\/es\/roma-nasce-la-scuola-di-grafologia-del-seraphicum\/","title":{"rendered":"Roma: nace la escuela de Grafolog\u00eda del Seraphicum"},"content":{"rendered":"<p><strong>Abre sus puertas la escuela de Grafolog\u00eda del Seraphicum de Roma, a cargo de la Pontificia Facultad Teol\u00f3gica \u201cSan Buenaventura\u201d, activa a partir del pr\u00f3ximo a\u00f1o acad\u00e9mico 2020-21.<\/strong><\/p>\n<p>Esta especializaci\u00f3n se coloca en la senda de la historia franciscana, dado que el padre de la grafolog\u00eda italiana es Fray Girolamo MORETTI OFMConv (1879-1963), de Las Marcas, que se ha dedicado por m\u00e1s de 50 a\u00f1os al estudio, la investigaci\u00f3n y la ense\u00f1anza de esta fascinante disciplina.<br \/>\nDespu\u00e9s de haber abierto las puertas a este estudio desde hace tiempo, mediante algunos cursos, el Seraphicum hoy da un paso adelante al instituir esta nueva escuela trienal. Los cursos tendr\u00e1n lugar a partir del pr\u00f3ximo 25 de septiembre al 12 de junio de 2021, y se tendr\u00e1n cada viernes de las 3:00 pm a las 07:00 pm. Para quienes no puedan frecuentar las lecciones en el aula, est\u00e1n previstos cursos interactivos on-line, cada jueves de las 3:00 pm a las 07:00 pm, a partir del 24 septiembre y hasta el 11 de junio de 2021.<br \/>\nLa grafolog\u00eda representa una muy fascinante disciplina, una llave para adentrarse en el profundo conocimiento de la persona bajo el perfil psicol\u00f3gico, mediante el an\u00e1lisis de la escritura, brindando as\u00ed la oportunidad de mejorar en el conocimiento de s\u00ed mismos, de comprender el comportamiento humano y de enriquecer las relaciones.<br \/>\nEl objetivo de la escuela de Grafolog\u00eda es el de adquirir un instrumento\/herramienta profesional, t\u00e9cnico y cient\u00edfico, \u00fatil en diversos sectores laborales: an\u00e1lisis grafol\u00f3gico de la personalidad, recursos humanos, sector judicial, criminol\u00f3gico y m\u00e9dico, sector de la edad evolutiva, \u00e1mbito pastoral y vocacional.<br \/>\nLos cursos est\u00e1n dirigidos a cualquiera que se interese en la materia, de todas las edades y diversas competencias, a estudiantes y a quienes trabajan en el campo de la formaci\u00f3n, a operadores del sector judicial, m\u00e9dico y psicol\u00f3gico, a quien se dedica al acompa\u00f1amiento espiritual y pastoral.<br \/>\nEl Plan de estudios est\u00e1 articulado en tres a\u00f1os; est\u00e1n previstas las especializaciones en Grafolog\u00eda evolutiva, Grafolog\u00eda pericial y judicial, Grafolog\u00eda de recursos humanos y Grafolog\u00eda pastoral.<br \/>\nPara mayor informaci\u00f3n, visita: <a href=\"https:\/\/www.scuoladigrafologiaseraphicum.it\">https:\/\/www.scuoladigrafologiaseraphicum.it<\/a>\/ y escribe a la Secretar\u00eda de la escuela: grafologia@seraphicum.org.<\/p>\n<p style=\"text-align: right;\">Elisabetta LO IACONO, responsable de la Oficina de Prensa Seraphicum<\/p>\n","protected":false},"excerpt":{"rendered":"<p>Abre sus puertas la escuela de Grafolog\u00eda del Seraphicum de Roma, a cargo de la Pontificia Facultad Teol\u00f3gica \u201cSan Buenaventura\u201d, activa a partir del pr\u00f3ximo a\u00f1o acad\u00e9mico 2020-21. Esta especializaci\u00f3n se coloca en la senda de la historia franciscana, dado que el padre de la grafolog\u00eda italiana es Fray Girolamo MORETTI OFMConv (1879-1963), de Las [&hellip;]<\/p>\n","protected":false},"author":1,"featured_media":25614,"comment_status":"closed","ping_status":"open","sticky":false,"template":"","format":"standard","meta":{"ngg_post_thumbnail":0,"footnotes":""},"categories":[150,146],"tags":[1725,338],"class_list":["post-25618","post","type-post","status-publish","format-standard","has-post-thumbnail","category-noticias","category-ufficio-comunicazioni-es","tag-seraphicum-2-es","tag-seraphicum-es"],"_links":{"self":[{"href":"https:\/\/www.ofmconv.net\/es\/wp-json\/wp\/v2\/posts\/25618","targetHints":{"allow":["GET"]}}],"collection":[{"href":"https:\/\/www.ofmconv.net\/es\/wp-json\/wp\/v2\/posts"}],"about":[{"href":"https:\/\/www.ofmconv.net\/es\/wp-json\/wp\/v2\/types\/post"}],"author":[{"embeddable":true,"href":"https:\/\/www.ofmconv.net\/es\/wp-json\/wp\/v2\/users\/1"}],"replies":[{"embeddable":true,"href":"https:\/\/www.ofmconv.net\/es\/wp-json\/wp\/v2\/comments?post=25618"}],"version-history":[{"count":0,"href":"https:\/\/www.ofmconv.net\/es\/wp-json\/wp\/v2\/posts\/25618\/revisions"}],"wp:featuredmedia":[{"embeddable":true,"href":"https:\/\/www.ofmconv.net\/es\/wp-json\/wp\/v2\/media\/25614"}],"wp:attachment":[{"href":"https:\/\/www.ofmconv.net\/es\/wp-json\/wp\/v2\/media?parent=25618"}],"wp:term":[{"taxonomy":"category","embeddable":true,"href":"https:\/\/www.ofmconv.net\/es\/wp-json\/wp\/v2\/categories?post=25618"},{"taxonomy":"post_tag","embeddable":true,"href":"https:\/\/www.ofmconv.net\/es\/wp-json\/wp\/v2\/tags?post=25618"}],"curies":[{"name":"wp","href":"https:\/\/api.w.org\/{rel}","templated":true}]}}