{"id":27788,"date":"2020-09-29T15:53:21","date_gmt":"2020-09-29T13:53:21","guid":{"rendered":"https:\/\/ofmconv.net\/seraphicum-inaugurato-lanno-accademico-della-scuola-di-grafologia\/"},"modified":"2020-09-29T15:58:26","modified_gmt":"2020-09-29T13:58:26","slug":"seraphicum-inaugurato-lanno-accademico-della-scuola-di-grafologia","status":"publish","type":"post","link":"https:\/\/www.ofmconv.net\/es\/seraphicum-inaugurato-lanno-accademico-della-scuola-di-grafologia\/","title":{"rendered":"Seraphicum: inauguraci\u00f3n del a\u00f1o acad\u00e9mico de la Escuela de Grafolog\u00eda"},"content":{"rendered":"<p><strong>El d\u00eda viernes 25 de septiembre de 2020, ha sido inaugurado el a\u00f1o acad\u00e9mico del curso trienal de grafolog\u00eda, promovido por la \u201cEscuela de Grafolog\u00eda Seraphicum\u201d de Roma.<\/strong><\/p>\n<p>La grafolog\u00eda como servicio a la persona es el objetivo con el cual la Pontificia Facultad Teol\u00f3gica \u201cSan Buenaventura\u201d ha introducido esta fascinante disciplina en la oferta formativa de la Facultad, sobre los pasos de Fray Girolamo MORETTI OFMConv, gran estudioso y padre de la grafolog\u00eda italiana.<br \/>\nLa inauguraci\u00f3n de los cursos \u2013que se tendr\u00e1n tanto de presencia como en l\u00ednea- ha tenido lugar (en el respeto de las normas anti Covid) en presencia de los docentes y de los estudiantes que han respondido con entusiasmo a este proyecto formativo, que tiene como objetivo adquirir un conocimiento m\u00e1s profundo de s\u00ed mismo y de los dem\u00e1s, a trav\u00e9s del an\u00e1lisis de la escritura. Con la posibilidad de que esta disciplina pueda ser aplicada en diversos \u00e1mbitos laborales como el an\u00e1lisis grafol\u00f3gico de la personalidad, en recursos humanos, en el sector judicial, criminol\u00f3gico y m\u00e9dico, el de la edad evolutiva, o en \u00e1mbito pastoral y vocacional.<br \/>\nDurante la inauguraci\u00f3n, nuestro hermano Fray Raffaele DI MURO, responsable de le Escuela, ha presentado la organizaci\u00f3n del curso y las diversas especializaciones del tercer a\u00f1o, colaborado por los docentes, entre ellos la Profa. Alessandra MILLEVOLTE y el Prof. Vincenzo TARANTINO, que tambi\u00e9n ofrecieron su parte en la presentaci\u00f3n de la Escuela.<br \/>\nEn estos d\u00edas, la noticia de que la Asociaci\u00f3n Grafol\u00f3gica Italiana ha reconocido y acreditado la Escuela de Grafolog\u00eda Seraphicum, robustece la importancia de esta realidad formativa.<br \/>\nEn su intervenci\u00f3n, Fray Raffaele ha expresado satisfacci\u00f3n tambi\u00e9n por el \u00f3ptimo ambiente que se percibe entre docentes y estudiantes: \u201cTodos ustedes \u2013ha dicho dirigi\u00e9ndose a los estudiantes presentes en el aula Siso V y a los que segu\u00edan la transmisi\u00f3n on-line- han demostrado en los coloquios durante el curso, que se sienten en un ambiente familiar y que contribuyen a que as\u00ed sea. Para nosotros, ustedes no son un n\u00famero sino una enriquecedora presencia, con el objetivo de participar en un intercambio mutuo, en el cual nosotros les aportaremos nociones y experiencias, mientras que ustedes nos ayudar\u00e1n a dar siempre lo mejor de nosotros\u201d.<br \/>\nFray Raffaele DI MURO ha dirigido un agradecimiento especial al Ministro general Fray Carlos TROVARELLI, por haber querido la recuperaci\u00f3n de esta realidad formativa, tan importante que Fray Girolamo MORETTI ha dedicado 50 a\u00f1os de su vida a tal estudio y docencia.<br \/>\nY precisamente, la conferencia nacional de estudio \u201cHumanidad y escritura. La grafolog\u00eda de Girolamo Moretti\u201d, programada para el s\u00e1bado 10 de octubre (de las 10 a las 17 horas) en el Auditorio Seraphicum y en directa streaming, estar\u00e1 dedicada a \u00e9l. Ser\u00e1 un evento gratuito con emisi\u00f3n de certificado.<br \/>\nPara mayor informaci\u00f3n sobre la conferencia y la inscripci\u00f3n en la Escuela de Grafolog\u00eda, pueden ustedes visitar el sitio www.scuoladigrafologiaseraphicum.it, enviar un correo electr\u00f3nico a grafologia@seraphicum.org o llamar al n\u00famero 06515031.<\/p>\n<p style=\"text-align: right;\">Elisabetta LO IACONO, Oficina de prensa Seraphicum.<\/p>\nngg_shortcode_0_placeholder\n","protected":false},"excerpt":{"rendered":"<p>El d\u00eda viernes 25 de septiembre de 2020, ha sido inaugurado el a\u00f1o acad\u00e9mico del curso trienal de grafolog\u00eda, promovido por la \u201cEscuela de Grafolog\u00eda Seraphicum\u201d de Roma. La grafolog\u00eda como servicio a la persona es el objetivo con el cual la Pontificia Facultad Teol\u00f3gica \u201cSan Buenaventura\u201d ha introducido esta fascinante disciplina en la oferta [&hellip;]<\/p>\n","protected":false},"author":1,"featured_media":27784,"comment_status":"closed","ping_status":"open","sticky":false,"template":"","format":"standard","meta":{"ngg_post_thumbnail":0,"footnotes":""},"categories":[150,146],"tags":[2147,338],"class_list":["post-27788","post","type-post","status-publish","format-standard","has-post-thumbnail","category-noticias","category-ufficio-comunicazioni-es","tag-grafologia-es","tag-seraphicum-es"],"_links":{"self":[{"href":"https:\/\/www.ofmconv.net\/es\/wp-json\/wp\/v2\/posts\/27788","targetHints":{"allow":["GET"]}}],"collection":[{"href":"https:\/\/www.ofmconv.net\/es\/wp-json\/wp\/v2\/posts"}],"about":[{"href":"https:\/\/www.ofmconv.net\/es\/wp-json\/wp\/v2\/types\/post"}],"author":[{"embeddable":true,"href":"https:\/\/www.ofmconv.net\/es\/wp-json\/wp\/v2\/users\/1"}],"replies":[{"embeddable":true,"href":"https:\/\/www.ofmconv.net\/es\/wp-json\/wp\/v2\/comments?post=27788"}],"version-history":[{"count":0,"href":"https:\/\/www.ofmconv.net\/es\/wp-json\/wp\/v2\/posts\/27788\/revisions"}],"wp:featuredmedia":[{"embeddable":true,"href":"https:\/\/www.ofmconv.net\/es\/wp-json\/wp\/v2\/media\/27784"}],"wp:attachment":[{"href":"https:\/\/www.ofmconv.net\/es\/wp-json\/wp\/v2\/media?parent=27788"}],"wp:term":[{"taxonomy":"category","embeddable":true,"href":"https:\/\/www.ofmconv.net\/es\/wp-json\/wp\/v2\/categories?post=27788"},{"taxonomy":"post_tag","embeddable":true,"href":"https:\/\/www.ofmconv.net\/es\/wp-json\/wp\/v2\/tags?post=27788"}],"curies":[{"name":"wp","href":"https:\/\/api.w.org\/{rel}","templated":true}]}}